{"id":545,"date":"2023-06-23T19:23:26","date_gmt":"2023-06-23T19:23:26","guid":{"rendered":"https:\/\/www.alarco.cr\/blog\/?post_type=news&#038;p=545"},"modified":"2023-06-23T19:24:09","modified_gmt":"2023-06-23T19:24:09","slug":"el-protocolo-pas-proteger-alertar-y-socorrer-en-situaciones-de-emergencia","status":"publish","type":"news","link":"https:\/\/www.alarco.cr\/blog\/news\/el-protocolo-pas-proteger-alertar-y-socorrer-en-situaciones-de-emergencia\/","title":{"rendered":"El Protocolo PAS (Proteger, Alertar y Socorrer) en situaciones de emergencia"},"content":{"rendered":"\n<p>Cuando nos encontramos frente a una <strong>situaci\u00f3n de emergencia<\/strong>, nuestra reacci\u00f3n puede ser el factor determinante entre un final tr\u00e1gico o una historia de supervivencia. El Protocolo PAS (Proteger, Alertar y Socorrer) es un conjunto de acciones vitales dise\u00f1ado para maximizar la eficacia en el manejo de emergencias. \u00bfPero qu\u00e9 es exactamente el Protocolo PAS y c\u00f3mo podemos aplicarlo?<\/p>\n\n\n\n<h2 class=\"wp-block-heading\">\u00bfQu\u00e9 es el Protocolo PAS?<\/h2>\n\n\n\n<p>El <strong>Protocolo PAS<\/strong> es un procedimiento de emergencia estandarizado que se sigue en el caso de una situaci\u00f3n peligrosa. Este protocolo fue desarrollado con el objetivo de optimizar las respuestas en casos de emergencias y est\u00e1 compuesto por tres fases principales: <strong>Proteger, Alertar y Socorrer<\/strong>.<\/p>\n\n\n\n<h2 class=\"wp-block-heading\">\u2014 Proteger: La primera etapa<\/h2>\n\n\n\n<p>El primer paso en cualquier emergencia es la protecci\u00f3n. Antes de realizar cualquier otra acci\u00f3n, es crucial garantizar nuestra propia seguridad y la de aquellos a nuestro alrededor. Esto puede implicar alejarse del peligro, utilizar equipo de protecci\u00f3n personal, o poner en marcha medidas de seguridad para prevenir da\u00f1os adicionales.<\/p>\n\n\n\n<h2 class=\"wp-block-heading\">\u2014 Alertar: El segundo paso<\/h2>\n\n\n\n<p>Una vez que se ha asegurado la seguridad propia y la de los dem\u00e1s, el siguiente paso es alertar a las autoridades pertinentes. Esto implica contactar con los servicios de emergencia y <strong>proporcionarles informaci\u00f3n detallada sobre la situaci\u00f3n<\/strong>, incluyendo la ubicaci\u00f3n exacta, el tipo de emergencia y cualquier otra informaci\u00f3n relevante que puedan necesitar para responder adecuadamente.<\/p>\n\n\n\n<figure class=\"wp-block-image size-full is-resized\"><img loading=\"lazy\" decoding=\"async\" src=\"https:\/\/www.alarco.cr\/blog\/wp-content\/uploads\/2023\/06\/1a.jpg\" alt=\"\" class=\"wp-image-548\" width=\"521\" height=\"304\" srcset=\"https:\/\/www.alarco.cr\/blog\/wp-content\/uploads\/2023\/06\/1a.jpg 600w, https:\/\/www.alarco.cr\/blog\/wp-content\/uploads\/2023\/06\/1a-300x175.jpg 300w\" sizes=\"auto, (max-width: 521px) 100vw, 521px\" \/><\/figure>\n\n\n\n<h2 class=\"wp-block-heading\">\u2014 Socorrer: La \u00faltima fase del Protocolo<\/h2>\n\n\n\n<p>La \u00faltima fase del Protocolo PAS es socorrer. Esto incluye proporcionar primeros auxilios a las personas heridas, siempre y cuando sea seguro y estemos capacitados para hacerlo. Recordemos que un mal intento de ayuda puede empeorar la situaci\u00f3n.<\/p>\n\n\n\n<h2 class=\"wp-block-heading\">Aplicaci\u00f3n en diferentes escenarios de emergencia<\/h2>\n\n\n\n<p>El <strong>Protocolo PAS<\/strong> es un sistema de respuesta universal que puede aplicarse a una amplia gama de situaciones de emergencia. Veamos c\u00f3mo podemos aplicar el protocolo PAS en varios escenarios.<\/p>\n\n\n\n<h3 class=\"wp-block-heading\">Accidentes de Tr\u00e1fico:<\/h3>\n\n\n\n<p>En caso de un accidente de tr\u00e1fico, la primera tarea es <strong>Proteger<\/strong>. Esto puede implicar moverse a un lugar seguro lejos del tr\u00e1fico, colocar tri\u00e1ngulos de emergencia para alertar a otros conductores, o incluso apagar el motor del veh\u00edculo accidentado para prevenir un incendio.<\/p>\n\n\n\n<p>A continuaci\u00f3n, <strong>Alertar<\/strong> a las autoridades pertinentes. En este caso, llamaremos a los servicios de emergencia proporcion\u00e1ndoles informaci\u00f3n precisa sobre el accidente, la cantidad de veh\u00edculos involucrados, la ubicaci\u00f3n del accidente y el n\u00famero de personas heridas si es posible.<\/p>\n\n\n\n<p>Finalmente, debemos <strong>Socorrer<\/strong> a las v\u00edctimas si estamos capacitados para hacerlo y es seguro. Podr\u00edamos aplicar primeros auxilios b\u00e1sicos, como controlar el sangrado o mantener a las personas conscientes hasta que llegue la ayuda.<\/p>\n\n\n\n<figure class=\"wp-block-image size-large is-resized\"><img loading=\"lazy\" decoding=\"async\" src=\"https:\/\/www.alarco.cr\/blog\/wp-content\/uploads\/2023\/06\/2a-1-1024x630.jpg\" alt=\"\" class=\"wp-image-549\" width=\"574\" height=\"352\" srcset=\"https:\/\/www.alarco.cr\/blog\/wp-content\/uploads\/2023\/06\/2a-1-1024x630.jpg 1024w, https:\/\/www.alarco.cr\/blog\/wp-content\/uploads\/2023\/06\/2a-1-300x185.jpg 300w, https:\/\/www.alarco.cr\/blog\/wp-content\/uploads\/2023\/06\/2a-1.jpg 1300w\" sizes=\"auto, (max-width: 574px) 100vw, 574px\" \/><\/figure>\n\n\n\n<h3 class=\"wp-block-heading\">Incendios:<\/h3>\n\n\n\n<p>En caso de un incendio, <strong>Proteger<\/strong> significa asegurar tu propia seguridad y la de los dem\u00e1s evacuando el edificio de manera segura y ordenada, cerrando puertas y ventanas para evitar la propagaci\u00f3n del fuego.<\/p>\n\n\n\n<p><strong>Alertar<\/strong> implica llamar a los bomberos y darles detalles sobre la situaci\u00f3n, incluyendo la ubicaci\u00f3n del incendio, el tipo de edificio y cualquier persona que pueda estar atrapada.<\/p>\n\n\n\n<p>El paso de <strong>Socorrer<\/strong> puede implicar proporcionar primeros auxilios a las personas afectadas por el humo o las llamas, siempre y cuando est\u00e9s capacitado y sea seguro hacerlo.<\/p>\n\n\n\n<figure class=\"wp-block-image size-full is-resized\"><img loading=\"lazy\" decoding=\"async\" src=\"https:\/\/www.alarco.cr\/blog\/wp-content\/uploads\/2023\/06\/3a-1.jpg\" alt=\"\" class=\"wp-image-550\" width=\"551\" height=\"367\" srcset=\"https:\/\/www.alarco.cr\/blog\/wp-content\/uploads\/2023\/06\/3a-1.jpg 612w, https:\/\/www.alarco.cr\/blog\/wp-content\/uploads\/2023\/06\/3a-1-300x200.jpg 300w\" sizes=\"auto, (max-width: 551px) 100vw, 551px\" \/><\/figure>\n\n\n\n<h3 class=\"wp-block-heading\">Situaciones de Violencia:<\/h3>\n\n\n\n<p>En situaciones de violencia, la fase de Proteger puede requerir <strong>alejarse de la situaci\u00f3n de peligro<\/strong>, buscar un lugar seguro y tratar de calmar a las personas a tu alrededor si es posible.<\/p>\n\n\n\n<p>Para Alertar, debemos llamar a la polic\u00eda, proporcion\u00e1ndoles detalles precisos sobre la situaci\u00f3n, incluyendo la ubicaci\u00f3n, el n\u00famero de agresores, y cualquier arma que puedan tener.<\/p>\n\n\n\n<p>Socorrer puede incluir proporcionar apoyo emocional a las v\u00edctimas, as\u00ed como primeros auxilios si est\u00e1s capacitado para hacerlo y es seguro.<\/p>\n\n\n\n<p>Estos son solo algunos ejemplos de c\u00f3mo el Protocolo PAS puede aplicarse en diferentes situaciones de emergencia. En cada caso, es importante recordar que la seguridad personal es primordial y que debes buscar ayuda profesional lo m\u00e1s r\u00e1pido posible.<\/p>\n\n\n\n<h2 class=\"wp-block-heading\">Los beneficios de seguir el Protocolo PAS<\/h2>\n\n\n\n<p>El <strong>Protocolo PAS<\/strong> ofrece una serie de beneficios significativos en el manejo de situaciones de emergencia. Al seguir este protocolo, no solo nos preparamos para actuar de manera adecuada, sino que tambi\u00e9n nos dotamos de la confianza necesaria para manejar tales situaciones. A continuaci\u00f3n, se detallan algunos de los beneficios de seguir el Protocolo PAS.<\/p>\n\n\n\n<h3 class=\"wp-block-heading\">Mejora la eficiencia en situaciones de emergencia<\/h3>\n\n\n\n<p>El Protocolo PAS proporciona una gu\u00eda clara y paso a paso sobre c\u00f3mo reaccionar en una emergencia. Esto mejora la eficiencia al eliminar la incertidumbre sobre qu\u00e9 hacer a continuaci\u00f3n, permitiendo una respuesta m\u00e1s r\u00e1pida y efectiva.<\/p>\n\n\n\n<h3 class=\"wp-block-heading\">Aumenta la seguridad personal y de los dem\u00e1s<\/h3>\n\n\n\n<p>Al seguir el protocolo PAS, garantizamos la m\u00e1xima seguridad posible para nosotros mismos y para los dem\u00e1s. Al proteger, estamos evitando un da\u00f1o mayor; al alertar, estamos asegurando la intervenci\u00f3n de profesionales capacitados; y al socorrer, estamos ofreciendo la ayuda inmediata necesaria.<\/p>\n\n\n\n<figure class=\"wp-block-image size-full is-resized\"><img loading=\"lazy\" decoding=\"async\" src=\"https:\/\/www.alarco.cr\/blog\/wp-content\/uploads\/2023\/06\/4a.jpg\" alt=\"\" class=\"wp-image-551\" width=\"519\" height=\"291\" srcset=\"https:\/\/www.alarco.cr\/blog\/wp-content\/uploads\/2023\/06\/4a.jpg 1024w, https:\/\/www.alarco.cr\/blog\/wp-content\/uploads\/2023\/06\/4a-300x169.jpg 300w, https:\/\/www.alarco.cr\/blog\/wp-content\/uploads\/2023\/06\/4a-768x432.jpg 768w\" sizes=\"auto, (max-width: 519px) 100vw, 519px\" \/><\/figure>\n\n\n\n<h3 class=\"wp-block-heading\">Fomenta la calma en situaciones de alta tensi\u00f3n<\/h3>\n\n\n\n<p>El Protocolo PAS proporciona un marco de acci\u00f3n que ayuda a mantener la calma en situaciones de alta tensi\u00f3n. Al tener un plan de acci\u00f3n claro, podemos concentrarnos en seguir los pasos en lugar de sucumbir al p\u00e1nico.<\/p>\n\n\n\n<h3 class=\"wp-block-heading\">Potencia las habilidades de Primeros Auxilios<\/h3>\n\n\n\n<p>Seguir el protocolo PAS a menudo implica la prestaci\u00f3n de primeros auxilios. Esto no solo puede salvar vidas en el momento, sino que tambi\u00e9n puede incentivar a las personas a aprender y mejorar sus habilidades de primeros auxilios.<\/p>\n\n\n\n<h3 class=\"wp-block-heading\">Contribuye a una sociedad m\u00e1s preparada<\/h3>\n\n\n\n<p>Cuanto m\u00e1s personas conozcan y apliquen el Protocolo PAS, m\u00e1s preparada estar\u00e1 nuestra sociedad para enfrentar emergencias. Esto puede resultar en menos p\u00e9rdidas humanas y materiales durante estas situaciones.<\/p>\n","protected":false},"excerpt":{"rendered":"<p>Cuando nos encontramos frente a una situaci\u00f3n de emergencia, nuestra reacci\u00f3n puede ser el factor determinante entre un final tr\u00e1gico o una historia de supervivencia. El Protocolo PAS (Proteger, Alertar y Socorrer) es un conjunto de acciones vitales dise\u00f1ado para maximizar&#8230;<\/p>\n","protected":false},"author":1,"featured_media":547,"comment_status":"closed","ping_status":"closed","template":"","tags":[],"news-category":[],"class_list":["post-545","news","type-news","status-publish","has-post-thumbnail","hentry"],"yoast_head":"<!-- This site is optimized with the Yoast SEO plugin v20.4 - https:\/\/yoast.com\/wordpress\/plugins\/seo\/ -->\n<title>El Protocolo PAS (Proteger, Alertar y Socorrer) en situaciones de emergencia - ALARCO | Blog<\/title>\n<meta name=\"robots\" content=\"index, follow, max-snippet:-1, max-image-preview:large, max-video-preview:-1\" \/>\n<link rel=\"canonical\" href=\"https:\/\/www.alarco.cr\/blog\/news\/el-protocolo-pas-proteger-alertar-y-socorrer-en-situaciones-de-emergencia\/\" \/>\n<meta property=\"og:locale\" content=\"es_MX\" \/>\n<meta property=\"og:type\" content=\"article\" \/>\n<meta property=\"og:title\" content=\"El Protocolo PAS (Proteger, Alertar y Socorrer) en situaciones de emergencia - ALARCO | Blog\" \/>\n<meta property=\"og:description\" content=\"Cuando nos encontramos frente a una situaci\u00f3n de emergencia, nuestra reacci\u00f3n puede ser el factor determinante entre un final tr\u00e1gico o una historia de supervivencia. El Protocolo PAS (Proteger, Alertar y Socorrer) es un conjunto de acciones vitales dise\u00f1ado para maximizar...\" \/>\n<meta property=\"og:url\" content=\"https:\/\/www.alarco.cr\/blog\/news\/el-protocolo-pas-proteger-alertar-y-socorrer-en-situaciones-de-emergencia\/\" \/>\n<meta property=\"og:site_name\" content=\"ALARCO | Blog\" \/>\n<meta property=\"article:publisher\" content=\"https:\/\/www.facebook.com\/alarcocr\" \/>\n<meta property=\"article:modified_time\" content=\"2023-06-23T19:24:09+00:00\" \/>\n<meta property=\"og:image\" content=\"https:\/\/www.alarco.cr\/blog\/wp-content\/uploads\/2023\/06\/0a-3.jpg\" \/>\n\t<meta property=\"og:image:width\" content=\"892\" \/>\n\t<meta property=\"og:image:height\" content=\"575\" \/>\n\t<meta property=\"og:image:type\" content=\"image\/jpeg\" \/>\n<meta name=\"twitter:card\" content=\"summary_large_image\" \/>\n<meta name=\"twitter:label1\" content=\"Tiempo de lectura\" \/>\n\t<meta name=\"twitter:data1\" content=\"6 minutos\" \/>\n<script type=\"application\/ld+json\" class=\"yoast-schema-graph\">{\"@context\":\"https:\/\/schema.org\",\"@graph\":[{\"@type\":\"WebPage\",\"@id\":\"https:\/\/www.alarco.cr\/blog\/news\/el-protocolo-pas-proteger-alertar-y-socorrer-en-situaciones-de-emergencia\/\",\"url\":\"https:\/\/www.alarco.cr\/blog\/news\/el-protocolo-pas-proteger-alertar-y-socorrer-en-situaciones-de-emergencia\/\",\"name\":\"El Protocolo PAS (Proteger, Alertar y Socorrer) en situaciones de emergencia - ALARCO | Blog\",\"isPartOf\":{\"@id\":\"https:\/\/www.alarco.cr\/blog\/#website\"},\"datePublished\":\"2023-06-23T19:23:26+00:00\",\"dateModified\":\"2023-06-23T19:24:09+00:00\",\"breadcrumb\":{\"@id\":\"https:\/\/www.alarco.cr\/blog\/news\/el-protocolo-pas-proteger-alertar-y-socorrer-en-situaciones-de-emergencia\/#breadcrumb\"},\"inLanguage\":\"es\",\"potentialAction\":[{\"@type\":\"ReadAction\",\"target\":[\"https:\/\/www.alarco.cr\/blog\/news\/el-protocolo-pas-proteger-alertar-y-socorrer-en-situaciones-de-emergencia\/\"]}]},{\"@type\":\"BreadcrumbList\",\"@id\":\"https:\/\/www.alarco.cr\/blog\/news\/el-protocolo-pas-proteger-alertar-y-socorrer-en-situaciones-de-emergencia\/#breadcrumb\",\"itemListElement\":[{\"@type\":\"ListItem\",\"position\":1,\"name\":\"Inicio\",\"item\":\"https:\/\/www.alarco.cr\/blog\/\"},{\"@type\":\"ListItem\",\"position\":2,\"name\":\"News\",\"item\":\"https:\/\/www.alarco.cr\/blog\/news\/\"},{\"@type\":\"ListItem\",\"position\":3,\"name\":\"El Protocolo PAS (Proteger, Alertar y Socorrer) en situaciones de emergencia\"}]},{\"@type\":\"WebSite\",\"@id\":\"https:\/\/www.alarco.cr\/blog\/#website\",\"url\":\"https:\/\/www.alarco.cr\/blog\/\",\"name\":\"ALARCO | Blog\",\"description\":\"\",\"publisher\":{\"@id\":\"https:\/\/www.alarco.cr\/blog\/#organization\"},\"potentialAction\":[{\"@type\":\"SearchAction\",\"target\":{\"@type\":\"EntryPoint\",\"urlTemplate\":\"https:\/\/www.alarco.cr\/blog\/?s={search_term_string}\"},\"query-input\":\"required name=search_term_string\"}],\"inLanguage\":\"es\"},{\"@type\":\"Organization\",\"@id\":\"https:\/\/www.alarco.cr\/blog\/#organization\",\"name\":\"ALARCO\",\"url\":\"https:\/\/www.alarco.cr\/blog\/\",\"logo\":{\"@type\":\"ImageObject\",\"inLanguage\":\"es\",\"@id\":\"https:\/\/www.alarco.cr\/blog\/#\/schema\/logo\/image\/\",\"url\":\"https:\/\/www.alarco.cr\/blog\/wp-content\/uploads\/2023\/02\/alar1.png\",\"contentUrl\":\"https:\/\/www.alarco.cr\/blog\/wp-content\/uploads\/2023\/02\/alar1.png\",\"width\":191,\"height\":205,\"caption\":\"ALARCO\"},\"image\":{\"@id\":\"https:\/\/www.alarco.cr\/blog\/#\/schema\/logo\/image\/\"},\"sameAs\":[\"https:\/\/www.facebook.com\/alarcocr\",\"https:\/\/www.instagram.com\/alarcocr\/\",\"https:\/\/www.linkedin.com\/company\/22325607\/admin\/\"]}]}<\/script>\n<!-- \/ Yoast SEO plugin. -->","yoast_head_json":{"title":"El Protocolo PAS (Proteger, Alertar y Socorrer) en situaciones de emergencia - ALARCO | Blog","robots":{"index":"index","follow":"follow","max-snippet":"max-snippet:-1","max-image-preview":"max-image-preview:large","max-video-preview":"max-video-preview:-1"},"canonical":"https:\/\/www.alarco.cr\/blog\/news\/el-protocolo-pas-proteger-alertar-y-socorrer-en-situaciones-de-emergencia\/","og_locale":"es_MX","og_type":"article","og_title":"El Protocolo PAS (Proteger, Alertar y Socorrer) en situaciones de emergencia - ALARCO | Blog","og_description":"Cuando nos encontramos frente a una situaci\u00f3n de emergencia, nuestra reacci\u00f3n puede ser el factor determinante entre un final tr\u00e1gico o una historia de supervivencia. El Protocolo PAS (Proteger, Alertar y Socorrer) es un conjunto de acciones vitales dise\u00f1ado para maximizar...","og_url":"https:\/\/www.alarco.cr\/blog\/news\/el-protocolo-pas-proteger-alertar-y-socorrer-en-situaciones-de-emergencia\/","og_site_name":"ALARCO | Blog","article_publisher":"https:\/\/www.facebook.com\/alarcocr","article_modified_time":"2023-06-23T19:24:09+00:00","og_image":[{"width":892,"height":575,"url":"https:\/\/www.alarco.cr\/blog\/wp-content\/uploads\/2023\/06\/0a-3.jpg","type":"image\/jpeg"}],"twitter_card":"summary_large_image","twitter_misc":{"Tiempo de lectura":"6 minutos"},"schema":{"@context":"https:\/\/schema.org","@graph":[{"@type":"WebPage","@id":"https:\/\/www.alarco.cr\/blog\/news\/el-protocolo-pas-proteger-alertar-y-socorrer-en-situaciones-de-emergencia\/","url":"https:\/\/www.alarco.cr\/blog\/news\/el-protocolo-pas-proteger-alertar-y-socorrer-en-situaciones-de-emergencia\/","name":"El Protocolo PAS (Proteger, Alertar y Socorrer) en situaciones de emergencia - ALARCO | Blog","isPartOf":{"@id":"https:\/\/www.alarco.cr\/blog\/#website"},"datePublished":"2023-06-23T19:23:26+00:00","dateModified":"2023-06-23T19:24:09+00:00","breadcrumb":{"@id":"https:\/\/www.alarco.cr\/blog\/news\/el-protocolo-pas-proteger-alertar-y-socorrer-en-situaciones-de-emergencia\/#breadcrumb"},"inLanguage":"es","potentialAction":[{"@type":"ReadAction","target":["https:\/\/www.alarco.cr\/blog\/news\/el-protocolo-pas-proteger-alertar-y-socorrer-en-situaciones-de-emergencia\/"]}]},{"@type":"BreadcrumbList","@id":"https:\/\/www.alarco.cr\/blog\/news\/el-protocolo-pas-proteger-alertar-y-socorrer-en-situaciones-de-emergencia\/#breadcrumb","itemListElement":[{"@type":"ListItem","position":1,"name":"Inicio","item":"https:\/\/www.alarco.cr\/blog\/"},{"@type":"ListItem","position":2,"name":"News","item":"https:\/\/www.alarco.cr\/blog\/news\/"},{"@type":"ListItem","position":3,"name":"El Protocolo PAS (Proteger, Alertar y Socorrer) en situaciones de emergencia"}]},{"@type":"WebSite","@id":"https:\/\/www.alarco.cr\/blog\/#website","url":"https:\/\/www.alarco.cr\/blog\/","name":"ALARCO | Blog","description":"","publisher":{"@id":"https:\/\/www.alarco.cr\/blog\/#organization"},"potentialAction":[{"@type":"SearchAction","target":{"@type":"EntryPoint","urlTemplate":"https:\/\/www.alarco.cr\/blog\/?s={search_term_string}"},"query-input":"required name=search_term_string"}],"inLanguage":"es"},{"@type":"Organization","@id":"https:\/\/www.alarco.cr\/blog\/#organization","name":"ALARCO","url":"https:\/\/www.alarco.cr\/blog\/","logo":{"@type":"ImageObject","inLanguage":"es","@id":"https:\/\/www.alarco.cr\/blog\/#\/schema\/logo\/image\/","url":"https:\/\/www.alarco.cr\/blog\/wp-content\/uploads\/2023\/02\/alar1.png","contentUrl":"https:\/\/www.alarco.cr\/blog\/wp-content\/uploads\/2023\/02\/alar1.png","width":191,"height":205,"caption":"ALARCO"},"image":{"@id":"https:\/\/www.alarco.cr\/blog\/#\/schema\/logo\/image\/"},"sameAs":["https:\/\/www.facebook.com\/alarcocr","https:\/\/www.instagram.com\/alarcocr\/","https:\/\/www.linkedin.com\/company\/22325607\/admin\/"]}]}},"_links":{"self":[{"href":"https:\/\/www.alarco.cr\/blog\/wp-json\/wp\/v2\/news\/545","targetHints":{"allow":["GET"]}}],"collection":[{"href":"https:\/\/www.alarco.cr\/blog\/wp-json\/wp\/v2\/news"}],"about":[{"href":"https:\/\/www.alarco.cr\/blog\/wp-json\/wp\/v2\/types\/news"}],"author":[{"embeddable":true,"href":"https:\/\/www.alarco.cr\/blog\/wp-json\/wp\/v2\/users\/1"}],"replies":[{"embeddable":true,"href":"https:\/\/www.alarco.cr\/blog\/wp-json\/wp\/v2\/comments?post=545"}],"version-history":[{"count":6,"href":"https:\/\/www.alarco.cr\/blog\/wp-json\/wp\/v2\/news\/545\/revisions"}],"predecessor-version":[{"id":556,"href":"https:\/\/www.alarco.cr\/blog\/wp-json\/wp\/v2\/news\/545\/revisions\/556"}],"wp:featuredmedia":[{"embeddable":true,"href":"https:\/\/www.alarco.cr\/blog\/wp-json\/wp\/v2\/media\/547"}],"wp:attachment":[{"href":"https:\/\/www.alarco.cr\/blog\/wp-json\/wp\/v2\/media?parent=545"}],"wp:term":[{"taxonomy":"post_tag","embeddable":true,"href":"https:\/\/www.alarco.cr\/blog\/wp-json\/wp\/v2\/tags?post=545"},{"taxonomy":"news-category","embeddable":true,"href":"https:\/\/www.alarco.cr\/blog\/wp-json\/wp\/v2\/news-category?post=545"}],"curies":[{"name":"wp","href":"https:\/\/api.w.org\/{rel}","templated":true}]}}