{"id":440,"date":"2023-05-25T21:01:15","date_gmt":"2023-05-25T21:01:15","guid":{"rendered":"https:\/\/www.alarco.cr\/blog\/?post_type=news&#038;p=440"},"modified":"2023-05-25T21:01:44","modified_gmt":"2023-05-25T21:01:44","slug":"pasos-esenciales-para-atender-una-crisis-asmatica-guia-de-primeros-auxilios","status":"publish","type":"news","link":"https:\/\/www.alarco.cr\/blog\/news\/pasos-esenciales-para-atender-una-crisis-asmatica-guia-de-primeros-auxilios\/","title":{"rendered":"Pasos esenciales para atender una crisis asm\u00e1tica: Gu\u00eda de primeros auxilios"},"content":{"rendered":"\n<p><strong>El asma es una condici\u00f3n cr\u00f3nica que afecta a millones de personas<\/strong> en todo el mundo. Puede ser un evento aterrador que requiere una respuesta r\u00e1pida y eficiente. En este art\u00edculo, te proporcionaremos <strong>pasos esenciales<\/strong> para atender una crisis asm\u00e1tica y c\u00f3mo manejar esta situaci\u00f3n potencialmente peligrosa.<\/p>\n\n\n\n<h2 class=\"wp-block-heading\">1. Comprender el asma<\/h2>\n\n\n\n<p>El primer paso para manejar el asma es entender exactamente qu\u00e9 es. El asma es una enfermedad de los pulmones que puede causar dificultad para respirar, tos, sibilancias y opresi\u00f3n en el pecho.<\/p>\n\n\n\n<p>Durante una crisis asm\u00e1tica, estas dificultades respiratorias pueden aumentar, requiriendo atenci\u00f3n m\u00e9dica urgente. Es fundamental entender este punto para poder <strong>reaccionar de manera adecuada<\/strong> en una situaci\u00f3n de emergencia.<\/p>\n\n\n\n<h2 class=\"wp-block-heading\">2. Identificar los s\u00edntomas de una crisis asm\u00e1tica<\/h2>\n\n\n\n<p>Reconocer los <strong>s\u00edntomas de una crisis asm\u00e1tica<\/strong> es esencial. Estos incluyen:<\/p>\n\n\n\n<ul class=\"wp-block-list\">\n<li>Sibilancias<\/li>\n\n\n\n<li>Dificultad para respirar<\/li>\n\n\n\n<li>Opresi\u00f3n en el pecho<\/li>\n\n\n\n<li>Tos persistente<\/li>\n\n\n\n<li>Labios o cara azulados<\/li>\n\n\n\n<li>Ansiedad o p\u00e1nico<\/li>\n<\/ul>\n\n\n\n<p>Si observas estos s\u00edntomas, es posible que est\u00e9 ocurriendo una crisis asm\u00e1tica.<\/p>\n\n\n\n<h2 class=\"wp-block-heading\">3. Mant\u00e9n la calma y tranquiliza a la persona<\/h2>\n\n\n\n<p>Un paso esencial durante una crisis asm\u00e1tica es mantener la calma. Puede ser un evento aterrador, pero es crucial recordar que mantener la calma puede ayudar a la persona a controlar su respiraci\u00f3n. Hablar de manera calmada y alentadora puede proporcionar un gran alivio.<\/p>\n\n\n\n<h2 class=\"wp-block-heading\">4. Usa el inhalador de rescate<\/h2>\n\n\n\n<p>El uso del <strong>inhalador de rescate<\/strong> es un paso cr\u00edtico en el manejo de una crisis asm\u00e1tica. Este dispositivo proporciona medicaci\u00f3n r\u00e1pida para abrir las v\u00edas respiratorias y facilitar la respiraci\u00f3n. Si la persona tiene un inhalador de rescate, ayuda a utilizarlo de manera correcta.<\/p>\n\n\n\n<figure class=\"wp-block-image size-full is-resized\"><img loading=\"lazy\" decoding=\"async\" src=\"https:\/\/www.alarco.cr\/blog\/wp-content\/uploads\/2023\/05\/0a-3.jpg\" alt=\"\" class=\"wp-image-444\" width=\"484\" height=\"322\" srcset=\"https:\/\/www.alarco.cr\/blog\/wp-content\/uploads\/2023\/05\/0a-3.jpg 900w, https:\/\/www.alarco.cr\/blog\/wp-content\/uploads\/2023\/05\/0a-3-300x200.jpg 300w, https:\/\/www.alarco.cr\/blog\/wp-content\/uploads\/2023\/05\/0a-3-768x512.jpg 768w\" sizes=\"auto, (max-width: 484px) 100vw, 484px\" \/><\/figure>\n\n\n\n<h2 class=\"wp-block-heading\">5. Adopta una posici\u00f3n c\u00f3moda para respirar<\/h2>\n\n\n\n<p>Al experimentar una crisis asm\u00e1tica, adoptar la <strong>posici\u00f3n correcta para respirar<\/strong> puede ser de gran ayuda. Generalmente, sentarse erguido es m\u00e1s efectivo que acostarse, ya que permite una expansi\u00f3n pulmonar \u00f3ptima.<\/p>\n\n\n\n<h2 class=\"wp-block-heading\">6. Evita los desencadenantes asm\u00e1ticos<\/h2>\n\n\n\n<p>En la medida de lo posible, evita los <strong>desencadenantes del asma<\/strong>. Estos pueden incluir:<\/p>\n\n\n\n<ul class=\"wp-block-list\">\n<li>Al\u00e9rgenos como el polen y los \u00e1caros del polvo<\/li>\n\n\n\n<li>Irritantes como el humo y los olores fuertes<\/li>\n\n\n\n<li>Estr\u00e9s emocional<\/li>\n<\/ul>\n\n\n\n<p>Reconocer y evitar estos desencadenantes puede prevenir la aparici\u00f3n de una crisis asm\u00e1tica.<\/p>\n\n\n\n<h2 class=\"wp-block-heading\">7. Busca atenci\u00f3n m\u00e9dica inmediata<\/h2>\n\n\n\n<p>Si los s\u00edntomas no mejoran despu\u00e9s de usar el inhalador de rescate, o si empeoran, busca <strong>atenci\u00f3n m\u00e9dica inmediata<\/strong>. La crisis asm\u00e1tica puede ser potencialmente mortal y debe tomarse muy en serio.<\/p>\n\n\n\n<h2 class=\"wp-block-heading\">8. Plan de acci\u00f3n para el asma<\/h2>\n\n\n\n<p>Tener un <strong>plan de acci\u00f3n para el asma<\/strong> es esencial. Este plan deber\u00eda incluir informaci\u00f3n sobre la enfermedad del individuo, los medicamentos que toma, c\u00f3mo usar el inhalador de rescate y cu\u00e1ndo buscar atenci\u00f3n m\u00e9dica.<\/p>\n\n\n\n<h2 class=\"wp-block-heading\">9. Educaci\u00f3n y prevenci\u00f3n<\/h2>\n\n\n\n<p>La educaci\u00f3n es un componente crucial en el manejo del asma. Aprender sobre el asma, sus desencadenantes y c\u00f3mo manejarlos puede ayudar a prevenir las crisis asm\u00e1ticas.<\/p>\n\n\n\n<figure class=\"wp-block-image size-full is-resized\"><img loading=\"lazy\" decoding=\"async\" src=\"https:\/\/www.alarco.cr\/blog\/wp-content\/uploads\/2023\/05\/3b.webp\" alt=\"\" class=\"wp-image-445\" width=\"552\" height=\"312\" srcset=\"https:\/\/www.alarco.cr\/blog\/wp-content\/uploads\/2023\/05\/3b.webp 1000w, https:\/\/www.alarco.cr\/blog\/wp-content\/uploads\/2023\/05\/3b-300x170.webp 300w, https:\/\/www.alarco.cr\/blog\/wp-content\/uploads\/2023\/05\/3b-768x434.webp 768w\" sizes=\"auto, (max-width: 552px) 100vw, 552px\" \/><\/figure>\n\n\n\n<h2 class=\"wp-block-heading\">10. La importancia de un seguimiento m\u00e9dico regular<\/h2>\n\n\n\n<p>El seguimiento m\u00e9dico regular es fundamental para manejar el asma de manera efectiva. Los profesionales de la salud pueden ofrecer tratamientos y consejos \u00f3ptimos para controlar el asma a largo plazo.<\/p>\n\n\n\n<h2 class=\"wp-block-heading\">Conclusi\u00f3n<\/h2>\n\n\n\n<p>Una crisis asm\u00e1tica puede ser un evento aterrador y potencialmente mortal. Pero con los pasos esenciales adecuados, puedes ayudar a manejar una crisis asm\u00e1tica de manera efectiva.<\/p>\n\n\n\n<p>Comprender el asma, identificar los s\u00edntomas, mantener la calma, usar el inhalador de rescate, adoptar la posici\u00f3n correcta para respirar, evitar desencadenantes, buscar atenci\u00f3n m\u00e9dica inmediata, tener un plan de acci\u00f3n para el asma, educarse y tener un seguimiento m\u00e9dico regular son todas <strong>estrategias vitales para manejar una crisis asm\u00e1tica<\/strong>.<\/p>\n\n\n\n<p>Recuerda, siempre debes buscar atenci\u00f3n m\u00e9dica profesional cuando sea necesario. Tu seguridad y salud siempre deben ser tu prioridad.<\/p>\n","protected":false},"excerpt":{"rendered":"<p>El asma es una condici\u00f3n cr\u00f3nica que afecta a millones de personas en todo el mundo. Puede ser un evento aterrador que requiere una respuesta r\u00e1pida y eficiente. En este art\u00edculo, te proporcionaremos pasos esenciales para atender una crisis asm\u00e1tica y c\u00f3mo manejar&#8230;<\/p>\n","protected":false},"author":1,"featured_media":443,"comment_status":"closed","ping_status":"closed","template":"","tags":[],"news-category":[],"class_list":["post-440","news","type-news","status-publish","has-post-thumbnail","hentry"],"yoast_head":"<!-- This site is optimized with the Yoast SEO plugin v20.4 - https:\/\/yoast.com\/wordpress\/plugins\/seo\/ -->\n<title>Pasos esenciales para atender una crisis asm\u00e1tica: Gu\u00eda de primeros auxilios - ALARCO | Blog<\/title>\n<meta name=\"robots\" content=\"index, follow, max-snippet:-1, max-image-preview:large, max-video-preview:-1\" \/>\n<link rel=\"canonical\" href=\"https:\/\/www.alarco.cr\/blog\/news\/pasos-esenciales-para-atender-una-crisis-asmatica-guia-de-primeros-auxilios\/\" \/>\n<meta property=\"og:locale\" content=\"es_MX\" \/>\n<meta property=\"og:type\" content=\"article\" \/>\n<meta property=\"og:title\" content=\"Pasos esenciales para atender una crisis asm\u00e1tica: Gu\u00eda de primeros auxilios - ALARCO | Blog\" \/>\n<meta property=\"og:description\" content=\"El asma es una condici\u00f3n cr\u00f3nica que afecta a millones de personas en todo el mundo. Puede ser un evento aterrador que requiere una respuesta r\u00e1pida y eficiente. En este art\u00edculo, te proporcionaremos pasos esenciales para atender una crisis asm\u00e1tica y c\u00f3mo manejar...\" \/>\n<meta property=\"og:url\" content=\"https:\/\/www.alarco.cr\/blog\/news\/pasos-esenciales-para-atender-una-crisis-asmatica-guia-de-primeros-auxilios\/\" \/>\n<meta property=\"og:site_name\" content=\"ALARCO | Blog\" \/>\n<meta property=\"article:publisher\" content=\"https:\/\/www.facebook.com\/alarcocr\" \/>\n<meta property=\"article:modified_time\" content=\"2023-05-25T21:01:44+00:00\" \/>\n<meta property=\"og:image\" content=\"https:\/\/www.alarco.cr\/blog\/wp-content\/uploads\/2023\/05\/1b.jpg\" \/>\n\t<meta property=\"og:image:width\" content=\"1100\" \/>\n\t<meta property=\"og:image:height\" content=\"734\" \/>\n\t<meta property=\"og:image:type\" content=\"image\/jpeg\" \/>\n<meta name=\"twitter:card\" content=\"summary_large_image\" \/>\n<meta name=\"twitter:label1\" content=\"Tiempo de lectura\" \/>\n\t<meta name=\"twitter:data1\" content=\"4 minutos\" \/>\n<script type=\"application\/ld+json\" class=\"yoast-schema-graph\">{\"@context\":\"https:\/\/schema.org\",\"@graph\":[{\"@type\":\"WebPage\",\"@id\":\"https:\/\/www.alarco.cr\/blog\/news\/pasos-esenciales-para-atender-una-crisis-asmatica-guia-de-primeros-auxilios\/\",\"url\":\"https:\/\/www.alarco.cr\/blog\/news\/pasos-esenciales-para-atender-una-crisis-asmatica-guia-de-primeros-auxilios\/\",\"name\":\"Pasos esenciales para atender una crisis asm\u00e1tica: Gu\u00eda de primeros auxilios - ALARCO | Blog\",\"isPartOf\":{\"@id\":\"https:\/\/www.alarco.cr\/blog\/#website\"},\"datePublished\":\"2023-05-25T21:01:15+00:00\",\"dateModified\":\"2023-05-25T21:01:44+00:00\",\"breadcrumb\":{\"@id\":\"https:\/\/www.alarco.cr\/blog\/news\/pasos-esenciales-para-atender-una-crisis-asmatica-guia-de-primeros-auxilios\/#breadcrumb\"},\"inLanguage\":\"es\",\"potentialAction\":[{\"@type\":\"ReadAction\",\"target\":[\"https:\/\/www.alarco.cr\/blog\/news\/pasos-esenciales-para-atender-una-crisis-asmatica-guia-de-primeros-auxilios\/\"]}]},{\"@type\":\"BreadcrumbList\",\"@id\":\"https:\/\/www.alarco.cr\/blog\/news\/pasos-esenciales-para-atender-una-crisis-asmatica-guia-de-primeros-auxilios\/#breadcrumb\",\"itemListElement\":[{\"@type\":\"ListItem\",\"position\":1,\"name\":\"Inicio\",\"item\":\"https:\/\/www.alarco.cr\/blog\/\"},{\"@type\":\"ListItem\",\"position\":2,\"name\":\"News\",\"item\":\"https:\/\/www.alarco.cr\/blog\/news\/\"},{\"@type\":\"ListItem\",\"position\":3,\"name\":\"Pasos esenciales para atender una crisis asm\u00e1tica: Gu\u00eda de primeros auxilios\"}]},{\"@type\":\"WebSite\",\"@id\":\"https:\/\/www.alarco.cr\/blog\/#website\",\"url\":\"https:\/\/www.alarco.cr\/blog\/\",\"name\":\"ALARCO | Blog\",\"description\":\"\",\"publisher\":{\"@id\":\"https:\/\/www.alarco.cr\/blog\/#organization\"},\"potentialAction\":[{\"@type\":\"SearchAction\",\"target\":{\"@type\":\"EntryPoint\",\"urlTemplate\":\"https:\/\/www.alarco.cr\/blog\/?s={search_term_string}\"},\"query-input\":\"required name=search_term_string\"}],\"inLanguage\":\"es\"},{\"@type\":\"Organization\",\"@id\":\"https:\/\/www.alarco.cr\/blog\/#organization\",\"name\":\"ALARCO\",\"url\":\"https:\/\/www.alarco.cr\/blog\/\",\"logo\":{\"@type\":\"ImageObject\",\"inLanguage\":\"es\",\"@id\":\"https:\/\/www.alarco.cr\/blog\/#\/schema\/logo\/image\/\",\"url\":\"https:\/\/www.alarco.cr\/blog\/wp-content\/uploads\/2023\/02\/alar1.png\",\"contentUrl\":\"https:\/\/www.alarco.cr\/blog\/wp-content\/uploads\/2023\/02\/alar1.png\",\"width\":191,\"height\":205,\"caption\":\"ALARCO\"},\"image\":{\"@id\":\"https:\/\/www.alarco.cr\/blog\/#\/schema\/logo\/image\/\"},\"sameAs\":[\"https:\/\/www.facebook.com\/alarcocr\",\"https:\/\/www.instagram.com\/alarcocr\/\",\"https:\/\/www.linkedin.com\/company\/22325607\/admin\/\"]}]}<\/script>\n<!-- \/ Yoast SEO plugin. -->","yoast_head_json":{"title":"Pasos esenciales para atender una crisis asm\u00e1tica: Gu\u00eda de primeros auxilios - ALARCO | Blog","robots":{"index":"index","follow":"follow","max-snippet":"max-snippet:-1","max-image-preview":"max-image-preview:large","max-video-preview":"max-video-preview:-1"},"canonical":"https:\/\/www.alarco.cr\/blog\/news\/pasos-esenciales-para-atender-una-crisis-asmatica-guia-de-primeros-auxilios\/","og_locale":"es_MX","og_type":"article","og_title":"Pasos esenciales para atender una crisis asm\u00e1tica: Gu\u00eda de primeros auxilios - ALARCO | Blog","og_description":"El asma es una condici\u00f3n cr\u00f3nica que afecta a millones de personas en todo el mundo. Puede ser un evento aterrador que requiere una respuesta r\u00e1pida y eficiente. En este art\u00edculo, te proporcionaremos pasos esenciales para atender una crisis asm\u00e1tica y c\u00f3mo manejar...","og_url":"https:\/\/www.alarco.cr\/blog\/news\/pasos-esenciales-para-atender-una-crisis-asmatica-guia-de-primeros-auxilios\/","og_site_name":"ALARCO | Blog","article_publisher":"https:\/\/www.facebook.com\/alarcocr","article_modified_time":"2023-05-25T21:01:44+00:00","og_image":[{"width":1100,"height":734,"url":"https:\/\/www.alarco.cr\/blog\/wp-content\/uploads\/2023\/05\/1b.jpg","type":"image\/jpeg"}],"twitter_card":"summary_large_image","twitter_misc":{"Tiempo de lectura":"4 minutos"},"schema":{"@context":"https:\/\/schema.org","@graph":[{"@type":"WebPage","@id":"https:\/\/www.alarco.cr\/blog\/news\/pasos-esenciales-para-atender-una-crisis-asmatica-guia-de-primeros-auxilios\/","url":"https:\/\/www.alarco.cr\/blog\/news\/pasos-esenciales-para-atender-una-crisis-asmatica-guia-de-primeros-auxilios\/","name":"Pasos esenciales para atender una crisis asm\u00e1tica: Gu\u00eda de primeros auxilios - ALARCO | Blog","isPartOf":{"@id":"https:\/\/www.alarco.cr\/blog\/#website"},"datePublished":"2023-05-25T21:01:15+00:00","dateModified":"2023-05-25T21:01:44+00:00","breadcrumb":{"@id":"https:\/\/www.alarco.cr\/blog\/news\/pasos-esenciales-para-atender-una-crisis-asmatica-guia-de-primeros-auxilios\/#breadcrumb"},"inLanguage":"es","potentialAction":[{"@type":"ReadAction","target":["https:\/\/www.alarco.cr\/blog\/news\/pasos-esenciales-para-atender-una-crisis-asmatica-guia-de-primeros-auxilios\/"]}]},{"@type":"BreadcrumbList","@id":"https:\/\/www.alarco.cr\/blog\/news\/pasos-esenciales-para-atender-una-crisis-asmatica-guia-de-primeros-auxilios\/#breadcrumb","itemListElement":[{"@type":"ListItem","position":1,"name":"Inicio","item":"https:\/\/www.alarco.cr\/blog\/"},{"@type":"ListItem","position":2,"name":"News","item":"https:\/\/www.alarco.cr\/blog\/news\/"},{"@type":"ListItem","position":3,"name":"Pasos esenciales para atender una crisis asm\u00e1tica: Gu\u00eda de primeros auxilios"}]},{"@type":"WebSite","@id":"https:\/\/www.alarco.cr\/blog\/#website","url":"https:\/\/www.alarco.cr\/blog\/","name":"ALARCO | Blog","description":"","publisher":{"@id":"https:\/\/www.alarco.cr\/blog\/#organization"},"potentialAction":[{"@type":"SearchAction","target":{"@type":"EntryPoint","urlTemplate":"https:\/\/www.alarco.cr\/blog\/?s={search_term_string}"},"query-input":"required name=search_term_string"}],"inLanguage":"es"},{"@type":"Organization","@id":"https:\/\/www.alarco.cr\/blog\/#organization","name":"ALARCO","url":"https:\/\/www.alarco.cr\/blog\/","logo":{"@type":"ImageObject","inLanguage":"es","@id":"https:\/\/www.alarco.cr\/blog\/#\/schema\/logo\/image\/","url":"https:\/\/www.alarco.cr\/blog\/wp-content\/uploads\/2023\/02\/alar1.png","contentUrl":"https:\/\/www.alarco.cr\/blog\/wp-content\/uploads\/2023\/02\/alar1.png","width":191,"height":205,"caption":"ALARCO"},"image":{"@id":"https:\/\/www.alarco.cr\/blog\/#\/schema\/logo\/image\/"},"sameAs":["https:\/\/www.facebook.com\/alarcocr","https:\/\/www.instagram.com\/alarcocr\/","https:\/\/www.linkedin.com\/company\/22325607\/admin\/"]}]}},"_links":{"self":[{"href":"https:\/\/www.alarco.cr\/blog\/wp-json\/wp\/v2\/news\/440","targetHints":{"allow":["GET"]}}],"collection":[{"href":"https:\/\/www.alarco.cr\/blog\/wp-json\/wp\/v2\/news"}],"about":[{"href":"https:\/\/www.alarco.cr\/blog\/wp-json\/wp\/v2\/types\/news"}],"author":[{"embeddable":true,"href":"https:\/\/www.alarco.cr\/blog\/wp-json\/wp\/v2\/users\/1"}],"replies":[{"embeddable":true,"href":"https:\/\/www.alarco.cr\/blog\/wp-json\/wp\/v2\/comments?post=440"}],"version-history":[{"count":4,"href":"https:\/\/www.alarco.cr\/blog\/wp-json\/wp\/v2\/news\/440\/revisions"}],"predecessor-version":[{"id":447,"href":"https:\/\/www.alarco.cr\/blog\/wp-json\/wp\/v2\/news\/440\/revisions\/447"}],"wp:featuredmedia":[{"embeddable":true,"href":"https:\/\/www.alarco.cr\/blog\/wp-json\/wp\/v2\/media\/443"}],"wp:attachment":[{"href":"https:\/\/www.alarco.cr\/blog\/wp-json\/wp\/v2\/media?parent=440"}],"wp:term":[{"taxonomy":"post_tag","embeddable":true,"href":"https:\/\/www.alarco.cr\/blog\/wp-json\/wp\/v2\/tags?post=440"},{"taxonomy":"news-category","embeddable":true,"href":"https:\/\/www.alarco.cr\/blog\/wp-json\/wp\/v2\/news-category?post=440"}],"curies":[{"name":"wp","href":"https:\/\/api.w.org\/{rel}","templated":true}]}}