{"id":288,"date":"2023-04-17T19:21:14","date_gmt":"2023-04-17T19:21:14","guid":{"rendered":"https:\/\/www.alarco.cr\/blog\/?post_type=news&#038;p=288"},"modified":"2023-04-17T19:21:37","modified_gmt":"2023-04-17T19:21:37","slug":"plan-de-evacuacion-en-empresas-como-proteger-a-tus-empleados-y-visitantes","status":"publish","type":"news","link":"https:\/\/www.alarco.cr\/blog\/news\/plan-de-evacuacion-en-empresas-como-proteger-a-tus-empleados-y-visitantes\/","title":{"rendered":"Plan de evacuaci\u00f3n en empresas: C\u00f3mo proteger a tus empleados y visitantes"},"content":{"rendered":"\n<p>La seguridad es una de las principales preocupaciones de las empresas, y contar con un plan de evacuaci\u00f3n en caso de emergencia es fundamental para <strong>proteger a los empleados y visitantes<\/strong>. En este art\u00edculo, hablaremos sobre la importancia de implementar un plan de evacuaci\u00f3n efectivo en tu empresa y c\u00f3mo hacerlo.<\/p>\n\n\n\n<h2 class=\"wp-block-heading\">\u00bfPor qu\u00e9 es importante contar con un plan de evacuaci\u00f3n?<\/h2>\n\n\n\n<p>En caso de emergencia, cada segundo cuenta y un plan de acorde ante emergencias puede salvar vidas. Seg\u00fan estudios, una evacuaci\u00f3n efectiva puede reducir el n\u00famero de v\u00edctimas hasta en un 75%. Por lo tanto, contar con un plan de evacuaci\u00f3n en tu empresa es fundamental para proteger a tus empleados y visitantes.<\/p>\n\n\n\n<h2 class=\"wp-block-heading\">\u00bfC\u00f3mo hacer un plan de evacuaci\u00f3n efectivo?<\/h2>\n\n\n\n<ol class=\"wp-block-list\">\n<li><strong>Identificar los riesgos y amenazas:<\/strong> Es importante conocer los riesgos y amenazas que pueden afectar a tu empresa, tales como incendios, terremotos, inundaciones, entre otros.<\/li>\n\n\n\n<li><strong>Establecer un equipo de emergencia:<\/strong> Selecciona a un equipo de personas capacitadas para actuar en caso de emergencia, tales como un coordinador de evacuaci\u00f3n, un encargado de primeros auxilios, un encargado de comunicaciones, entre otros.<\/li>\n\n\n\n<li><strong>Dise\u00f1ar un mapa de evacuaci\u00f3n:<\/strong> Crea un mapa detallado de la empresa que incluya las salidas de emergencia, las rutas de evacuaci\u00f3n y las zonas de seguridad.<\/li>\n\n\n\n<li><strong>Establecer protocolos de comunicaci\u00f3n:<\/strong> Define los protocolos de comunicaci\u00f3n para que el equipo de emergencia pueda coordinarse y comunicarse efectivamente en caso de emergencia.<\/li>\n\n\n\n<li><strong>Realizar simulacros peri\u00f3dicos:<\/strong> Realiza simulacros de evacuaci\u00f3n para que el equipo de emergencia y los empleados sepan c\u00f3mo actuar en caso de emergencia y puedan identificar posibles problemas en el plan.<\/li>\n<\/ol>\n\n\n\n<figure class=\"wp-block-image size-large is-resized\"><img loading=\"lazy\" decoding=\"async\" src=\"https:\/\/www.alarco.cr\/blog\/wp-content\/uploads\/2023\/04\/1-3-1024x683.jpg\" alt=\"Plano de evacuaci\u00f3n\" class=\"wp-image-293\" width=\"563\" height=\"375\" srcset=\"https:\/\/www.alarco.cr\/blog\/wp-content\/uploads\/2023\/04\/1-3-1024x683.jpg 1024w, https:\/\/www.alarco.cr\/blog\/wp-content\/uploads\/2023\/04\/1-3-300x200.jpg 300w, https:\/\/www.alarco.cr\/blog\/wp-content\/uploads\/2023\/04\/1-3-768x512.jpg 768w, https:\/\/www.alarco.cr\/blog\/wp-content\/uploads\/2023\/04\/1-3-1536x1024.jpg 1536w, https:\/\/www.alarco.cr\/blog\/wp-content\/uploads\/2023\/04\/1-3-2048x1366.jpg 2048w\" sizes=\"auto, (max-width: 563px) 100vw, 563px\" \/><\/figure>\n\n\n\n<h2 class=\"wp-block-heading\">Medidas de seguridad adicionales para proteger a empleados y visitantes<\/h2>\n\n\n\n<ol class=\"wp-block-list\">\n<li><strong>Capacitaci\u00f3n en primeros auxilios y RCP:<\/strong> Capacita a tus empleados en primeros auxilios y RCP para que puedan proporcionar ayuda b\u00e1sica en caso de emergencia.<\/li>\n\n\n\n<li><strong>Instalar se\u00f1alizaciones de emergencia:<\/strong> Aseg\u00farate de que haya se\u00f1alizaciones claras y visibles que indiquen las salidas de emergencia, las rutas de evacuaci\u00f3n y las zonas de seguridad.<\/li>\n\n\n\n<li><strong>Establecer zonas de seguridad:<\/strong> Establece zonas de seguridad en la empresa para que los empleados y visitantes sepan d\u00f3nde reunirse en caso de emergencia.<\/li>\n<\/ol>\n\n\n\n<h2 class=\"wp-block-heading\">Consecuencias de no tener un plan de evacuaci\u00f3n eficaz<\/h2>\n\n\n\n<p>No tener un plan de evacuaci\u00f3n efectivo en tu empresa puede tener consecuencias graves en caso de emergencia.<\/p>\n\n\n\n<p>Aqu\u00ed te presentamos algunas de las posibles consecuencias:<\/p>\n\n\n\n<ol class=\"wp-block-list\">\n<li><strong>Riesgo de p\u00e9rdida de vidas:<\/strong> En caso de emergencia, sin un plan de evacuaci\u00f3n efectivo, el riesgo de p\u00e9rdida de vidas aumenta significativamente. Las personas pueden quedar atrapadas en la empresa o no saber c\u00f3mo actuar en caso de emergencia, lo que puede resultar en lesiones graves e incluso la muerte.<\/li>\n\n\n\n<li><strong>Da\u00f1os a la propiedad:<\/strong> Las emergencias como incendios, inundaciones o terremotos pueden causar da\u00f1os graves a la propiedad de la empresa, lo que puede resultar en grandes p\u00e9rdidas econ\u00f3micas.<\/li>\n\n\n\n<li><strong>Impacto negativo en la imagen de la empresa:<\/strong> La falta de un plan de evacuaci\u00f3n efectivo tambi\u00e9n puede tener un impacto negativo en la imagen de la empresa. Los clientes y socios comerciales pueden sentirse inseguros y desconfiados de hacer negocios con una empresa que no toma la seguridad en serio.<\/li>\n\n\n\n<li><strong>Posibles sanciones:<\/strong> Dependiendo de las leyes y regulaciones locales, no contar con un plan de evacuaci\u00f3n efectivo puede resultar en sanciones y multas para la empresa.<\/li>\n<\/ol>\n\n\n\n<figure class=\"wp-block-image size-full is-resized\"><img loading=\"lazy\" decoding=\"async\" src=\"https:\/\/www.alarco.cr\/blog\/wp-content\/uploads\/2023\/04\/3-1.jpg\" alt=\"Empleados en proceso de evacuaci\u00f3n\" class=\"wp-image-294\" width=\"560\" height=\"373\" srcset=\"https:\/\/www.alarco.cr\/blog\/wp-content\/uploads\/2023\/04\/3-1.jpg 1000w, https:\/\/www.alarco.cr\/blog\/wp-content\/uploads\/2023\/04\/3-1-300x200.jpg 300w, https:\/\/www.alarco.cr\/blog\/wp-content\/uploads\/2023\/04\/3-1-768x512.jpg 768w\" sizes=\"auto, (max-width: 560px) 100vw, 560px\" \/><\/figure>\n\n\n\n<p>En <a href=\"https:\/\/www.alarco.cr\" target=\"_blank\" rel=\"noreferrer noopener\">ALARCO<\/a>, sabemos lo importante que es contar con un plan de evacuaci\u00f3n efectivo en tu empresa y por ello, ofrecemos <strong>asesor\u00edas especializadas en este tema<\/strong>.<\/p>\n\n\n\n<p>Nuestros expertos pueden ayudarte a identificar los riesgos y amenazas de tu empresa, establecer un equipo de emergencia, dise\u00f1ar un mapa de evacuaci\u00f3n, establecer protocolos de comunicaci\u00f3n, realizar simulacros peri\u00f3dicos y muchas otras medidas para proteger a tus empleados y visitantes en caso de emergencia.<\/p>\n\n\n\n<p>No dudes en contactarnos para obtener m\u00e1s informaci\u00f3n sobre nuestros servicios de asesor\u00eda en seguridad.<\/p>\n\n\n\n<p><a href=\"https:\/\/www.youtube.com\/watch?v=qqAmdq0Wj6U\" target=\"_blank\" rel=\"noreferrer noopener\">YouTube | \u00bfC\u00f3mo hacer el plan de evacuaci\u00f3n?<\/a><\/p>\n","protected":false},"excerpt":{"rendered":"<p>La seguridad es una de las principales preocupaciones de las empresas, y contar con un plan de evacuaci\u00f3n en caso de emergencia es fundamental para proteger a los empleados y visitantes. En este art\u00edculo, hablaremos sobre la importancia de implementar un plan de evacuaci\u00f3n efectivo en tu empresa y c\u00f3mo&#8230;<\/p>\n","protected":false},"author":1,"featured_media":296,"comment_status":"closed","ping_status":"closed","template":"","tags":[],"news-category":[],"class_list":["post-288","news","type-news","status-publish","has-post-thumbnail","hentry"],"yoast_head":"<!-- This site is optimized with the Yoast SEO plugin v20.4 - https:\/\/yoast.com\/wordpress\/plugins\/seo\/ -->\n<title>Plan de Evacuac\u00edon: Como proteger a tus empleados y visitantes<\/title>\n<meta name=\"description\" content=\"Aprende c\u00f3mo implementar un plan de evacuaci\u00f3n efectivo en tu empresa para proteger a tus empleados y visitantes en caso de emergencia.\" \/>\n<meta name=\"robots\" content=\"index, follow, max-snippet:-1, max-image-preview:large, max-video-preview:-1\" \/>\n<link rel=\"canonical\" href=\"https:\/\/www.alarco.cr\/blog\/news\/plan-de-evacuacion-en-empresas-como-proteger-a-tus-empleados-y-visitantes\/\" \/>\n<meta property=\"og:locale\" content=\"es_MX\" \/>\n<meta property=\"og:type\" content=\"article\" \/>\n<meta property=\"og:title\" content=\"Plan de Evacuac\u00edon: Como proteger a tus empleados y visitantes\" \/>\n<meta property=\"og:description\" content=\"Aprende c\u00f3mo implementar un plan de evacuaci\u00f3n efectivo en tu empresa para proteger a tus empleados y visitantes en caso de emergencia.\" \/>\n<meta property=\"og:url\" content=\"https:\/\/www.alarco.cr\/blog\/news\/plan-de-evacuacion-en-empresas-como-proteger-a-tus-empleados-y-visitantes\/\" \/>\n<meta property=\"og:site_name\" content=\"ALARCO | Blog\" \/>\n<meta property=\"article:publisher\" content=\"https:\/\/www.facebook.com\/alarcocr\" \/>\n<meta property=\"article:modified_time\" content=\"2023-04-17T19:21:37+00:00\" \/>\n<meta property=\"og:image\" content=\"https:\/\/www.alarco.cr\/blog\/wp-content\/uploads\/2023\/04\/0-3.jpg\" \/>\n\t<meta property=\"og:image:width\" content=\"1920\" \/>\n\t<meta property=\"og:image:height\" content=\"1280\" \/>\n\t<meta property=\"og:image:type\" content=\"image\/jpeg\" \/>\n<meta name=\"twitter:card\" content=\"summary_large_image\" \/>\n<meta name=\"twitter:label1\" content=\"Tiempo de lectura\" \/>\n\t<meta name=\"twitter:data1\" content=\"4 minutos\" \/>\n<script type=\"application\/ld+json\" class=\"yoast-schema-graph\">{\"@context\":\"https:\/\/schema.org\",\"@graph\":[{\"@type\":\"WebPage\",\"@id\":\"https:\/\/www.alarco.cr\/blog\/news\/plan-de-evacuacion-en-empresas-como-proteger-a-tus-empleados-y-visitantes\/\",\"url\":\"https:\/\/www.alarco.cr\/blog\/news\/plan-de-evacuacion-en-empresas-como-proteger-a-tus-empleados-y-visitantes\/\",\"name\":\"Plan de Evacuac\u00edon: Como proteger a tus empleados y visitantes\",\"isPartOf\":{\"@id\":\"https:\/\/www.alarco.cr\/blog\/#website\"},\"datePublished\":\"2023-04-17T19:21:14+00:00\",\"dateModified\":\"2023-04-17T19:21:37+00:00\",\"description\":\"Aprende c\u00f3mo implementar un plan de evacuaci\u00f3n efectivo en tu empresa para proteger a tus empleados y visitantes en caso de emergencia.\",\"breadcrumb\":{\"@id\":\"https:\/\/www.alarco.cr\/blog\/news\/plan-de-evacuacion-en-empresas-como-proteger-a-tus-empleados-y-visitantes\/#breadcrumb\"},\"inLanguage\":\"es\",\"potentialAction\":[{\"@type\":\"ReadAction\",\"target\":[\"https:\/\/www.alarco.cr\/blog\/news\/plan-de-evacuacion-en-empresas-como-proteger-a-tus-empleados-y-visitantes\/\"]}]},{\"@type\":\"BreadcrumbList\",\"@id\":\"https:\/\/www.alarco.cr\/blog\/news\/plan-de-evacuacion-en-empresas-como-proteger-a-tus-empleados-y-visitantes\/#breadcrumb\",\"itemListElement\":[{\"@type\":\"ListItem\",\"position\":1,\"name\":\"Inicio\",\"item\":\"https:\/\/www.alarco.cr\/blog\/\"},{\"@type\":\"ListItem\",\"position\":2,\"name\":\"News\",\"item\":\"https:\/\/www.alarco.cr\/blog\/news\/\"},{\"@type\":\"ListItem\",\"position\":3,\"name\":\"Plan de evacuaci\u00f3n en empresas: C\u00f3mo proteger a tus empleados y visitantes\"}]},{\"@type\":\"WebSite\",\"@id\":\"https:\/\/www.alarco.cr\/blog\/#website\",\"url\":\"https:\/\/www.alarco.cr\/blog\/\",\"name\":\"ALARCO | Blog\",\"description\":\"\",\"publisher\":{\"@id\":\"https:\/\/www.alarco.cr\/blog\/#organization\"},\"potentialAction\":[{\"@type\":\"SearchAction\",\"target\":{\"@type\":\"EntryPoint\",\"urlTemplate\":\"https:\/\/www.alarco.cr\/blog\/?s={search_term_string}\"},\"query-input\":\"required name=search_term_string\"}],\"inLanguage\":\"es\"},{\"@type\":\"Organization\",\"@id\":\"https:\/\/www.alarco.cr\/blog\/#organization\",\"name\":\"ALARCO\",\"url\":\"https:\/\/www.alarco.cr\/blog\/\",\"logo\":{\"@type\":\"ImageObject\",\"inLanguage\":\"es\",\"@id\":\"https:\/\/www.alarco.cr\/blog\/#\/schema\/logo\/image\/\",\"url\":\"https:\/\/www.alarco.cr\/blog\/wp-content\/uploads\/2023\/02\/alar1.png\",\"contentUrl\":\"https:\/\/www.alarco.cr\/blog\/wp-content\/uploads\/2023\/02\/alar1.png\",\"width\":191,\"height\":205,\"caption\":\"ALARCO\"},\"image\":{\"@id\":\"https:\/\/www.alarco.cr\/blog\/#\/schema\/logo\/image\/\"},\"sameAs\":[\"https:\/\/www.facebook.com\/alarcocr\",\"https:\/\/www.instagram.com\/alarcocr\/\",\"https:\/\/www.linkedin.com\/company\/22325607\/admin\/\"]}]}<\/script>\n<!-- \/ Yoast SEO plugin. -->","yoast_head_json":{"title":"Plan de Evacuac\u00edon: Como proteger a tus empleados y visitantes","description":"Aprende c\u00f3mo implementar un plan de evacuaci\u00f3n efectivo en tu empresa para proteger a tus empleados y visitantes en caso de emergencia.","robots":{"index":"index","follow":"follow","max-snippet":"max-snippet:-1","max-image-preview":"max-image-preview:large","max-video-preview":"max-video-preview:-1"},"canonical":"https:\/\/www.alarco.cr\/blog\/news\/plan-de-evacuacion-en-empresas-como-proteger-a-tus-empleados-y-visitantes\/","og_locale":"es_MX","og_type":"article","og_title":"Plan de Evacuac\u00edon: Como proteger a tus empleados y visitantes","og_description":"Aprende c\u00f3mo implementar un plan de evacuaci\u00f3n efectivo en tu empresa para proteger a tus empleados y visitantes en caso de emergencia.","og_url":"https:\/\/www.alarco.cr\/blog\/news\/plan-de-evacuacion-en-empresas-como-proteger-a-tus-empleados-y-visitantes\/","og_site_name":"ALARCO | Blog","article_publisher":"https:\/\/www.facebook.com\/alarcocr","article_modified_time":"2023-04-17T19:21:37+00:00","og_image":[{"width":1920,"height":1280,"url":"https:\/\/www.alarco.cr\/blog\/wp-content\/uploads\/2023\/04\/0-3.jpg","type":"image\/jpeg"}],"twitter_card":"summary_large_image","twitter_misc":{"Tiempo de lectura":"4 minutos"},"schema":{"@context":"https:\/\/schema.org","@graph":[{"@type":"WebPage","@id":"https:\/\/www.alarco.cr\/blog\/news\/plan-de-evacuacion-en-empresas-como-proteger-a-tus-empleados-y-visitantes\/","url":"https:\/\/www.alarco.cr\/blog\/news\/plan-de-evacuacion-en-empresas-como-proteger-a-tus-empleados-y-visitantes\/","name":"Plan de Evacuac\u00edon: Como proteger a tus empleados y visitantes","isPartOf":{"@id":"https:\/\/www.alarco.cr\/blog\/#website"},"datePublished":"2023-04-17T19:21:14+00:00","dateModified":"2023-04-17T19:21:37+00:00","description":"Aprende c\u00f3mo implementar un plan de evacuaci\u00f3n efectivo en tu empresa para proteger a tus empleados y visitantes en caso de emergencia.","breadcrumb":{"@id":"https:\/\/www.alarco.cr\/blog\/news\/plan-de-evacuacion-en-empresas-como-proteger-a-tus-empleados-y-visitantes\/#breadcrumb"},"inLanguage":"es","potentialAction":[{"@type":"ReadAction","target":["https:\/\/www.alarco.cr\/blog\/news\/plan-de-evacuacion-en-empresas-como-proteger-a-tus-empleados-y-visitantes\/"]}]},{"@type":"BreadcrumbList","@id":"https:\/\/www.alarco.cr\/blog\/news\/plan-de-evacuacion-en-empresas-como-proteger-a-tus-empleados-y-visitantes\/#breadcrumb","itemListElement":[{"@type":"ListItem","position":1,"name":"Inicio","item":"https:\/\/www.alarco.cr\/blog\/"},{"@type":"ListItem","position":2,"name":"News","item":"https:\/\/www.alarco.cr\/blog\/news\/"},{"@type":"ListItem","position":3,"name":"Plan de evacuaci\u00f3n en empresas: C\u00f3mo proteger a tus empleados y visitantes"}]},{"@type":"WebSite","@id":"https:\/\/www.alarco.cr\/blog\/#website","url":"https:\/\/www.alarco.cr\/blog\/","name":"ALARCO | Blog","description":"","publisher":{"@id":"https:\/\/www.alarco.cr\/blog\/#organization"},"potentialAction":[{"@type":"SearchAction","target":{"@type":"EntryPoint","urlTemplate":"https:\/\/www.alarco.cr\/blog\/?s={search_term_string}"},"query-input":"required name=search_term_string"}],"inLanguage":"es"},{"@type":"Organization","@id":"https:\/\/www.alarco.cr\/blog\/#organization","name":"ALARCO","url":"https:\/\/www.alarco.cr\/blog\/","logo":{"@type":"ImageObject","inLanguage":"es","@id":"https:\/\/www.alarco.cr\/blog\/#\/schema\/logo\/image\/","url":"https:\/\/www.alarco.cr\/blog\/wp-content\/uploads\/2023\/02\/alar1.png","contentUrl":"https:\/\/www.alarco.cr\/blog\/wp-content\/uploads\/2023\/02\/alar1.png","width":191,"height":205,"caption":"ALARCO"},"image":{"@id":"https:\/\/www.alarco.cr\/blog\/#\/schema\/logo\/image\/"},"sameAs":["https:\/\/www.facebook.com\/alarcocr","https:\/\/www.instagram.com\/alarcocr\/","https:\/\/www.linkedin.com\/company\/22325607\/admin\/"]}]}},"_links":{"self":[{"href":"https:\/\/www.alarco.cr\/blog\/wp-json\/wp\/v2\/news\/288","targetHints":{"allow":["GET"]}}],"collection":[{"href":"https:\/\/www.alarco.cr\/blog\/wp-json\/wp\/v2\/news"}],"about":[{"href":"https:\/\/www.alarco.cr\/blog\/wp-json\/wp\/v2\/types\/news"}],"author":[{"embeddable":true,"href":"https:\/\/www.alarco.cr\/blog\/wp-json\/wp\/v2\/users\/1"}],"replies":[{"embeddable":true,"href":"https:\/\/www.alarco.cr\/blog\/wp-json\/wp\/v2\/comments?post=288"}],"version-history":[{"count":11,"href":"https:\/\/www.alarco.cr\/blog\/wp-json\/wp\/v2\/news\/288\/revisions"}],"predecessor-version":[{"id":302,"href":"https:\/\/www.alarco.cr\/blog\/wp-json\/wp\/v2\/news\/288\/revisions\/302"}],"wp:featuredmedia":[{"embeddable":true,"href":"https:\/\/www.alarco.cr\/blog\/wp-json\/wp\/v2\/media\/296"}],"wp:attachment":[{"href":"https:\/\/www.alarco.cr\/blog\/wp-json\/wp\/v2\/media?parent=288"}],"wp:term":[{"taxonomy":"post_tag","embeddable":true,"href":"https:\/\/www.alarco.cr\/blog\/wp-json\/wp\/v2\/tags?post=288"},{"taxonomy":"news-category","embeddable":true,"href":"https:\/\/www.alarco.cr\/blog\/wp-json\/wp\/v2\/news-category?post=288"}],"curies":[{"name":"wp","href":"https:\/\/api.w.org\/{rel}","templated":true}]}}