{"id":265,"date":"2023-04-10T16:24:18","date_gmt":"2023-04-10T16:24:18","guid":{"rendered":"https:\/\/www.alarco.cr\/blog\/?post_type=news&#038;p=265"},"modified":"2023-04-10T16:24:18","modified_gmt":"2023-04-10T16:24:18","slug":"como-actuar-ante-un-shock-anafilactico-primeros-auxilios-y-tratamiento-de-emergencia","status":"publish","type":"news","link":"https:\/\/www.alarco.cr\/blog\/news\/como-actuar-ante-un-shock-anafilactico-primeros-auxilios-y-tratamiento-de-emergencia\/","title":{"rendered":"C\u00f3mo actuar ante un shock anafil\u00e1ctico: Primeros auxilios y tratamiento de emergencia"},"content":{"rendered":"\n<h2 class=\"wp-block-heading\">\u00bfQu\u00e9 es un shock anafil\u00e1ctico?<\/h2>\n\n\n\n<p>Un shock anafil\u00e1ctico es una reacci\u00f3n al\u00e9rgica grave que se produce de manera r\u00e1pida y que puede poner en peligro la vida de la persona afectada. Esta reacci\u00f3n al\u00e9rgica puede ser desencadenada por una variedad de al\u00e9rgenos, como <strong>alimentos, medicamentos, picaduras de insectos o incluso el l\u00e1tex<\/strong>. Los s\u00edntomas pueden incluir dificultad para respirar, hinchaz\u00f3n de la cara, labios o lengua, mareos, palpitaciones, sudoraci\u00f3n y sarpullido en la piel.<\/p>\n\n\n\n<p>Si sospechas que alguien est\u00e1 experimentando un shock anafil\u00e1ctico, es importante actuar de inmediato y buscar atenci\u00f3n m\u00e9dica de emergencia.<\/p>\n\n\n\n<h2 class=\"wp-block-heading\">S\u00edntomas y signos de alerta<\/h2>\n\n\n\n<p>Reconocer los s\u00edntomas de una reacci\u00f3n al\u00e9rgica es crucial para actuar de manera r\u00e1pida y prevenir un padecimiento de este tipo. Algunos s\u00edntomas comunes de las reacciones al\u00e9rgicas incluyen enrojecimiento o picaz\u00f3n en la piel, ronchas, hinchaz\u00f3n en la cara, labios o lengua, dificultad para respirar, n\u00e1useas, v\u00f3mitos y diarrea. Si sospechas que alguien est\u00e1 experimentando una reacci\u00f3n al\u00e9rgica, <strong>busca atenci\u00f3n m\u00e9dica de inmediato y considera administrar un antihistam\u00ednico si est\u00e1 disponible<\/strong>.<\/p>\n\n\n\n<figure class=\"wp-block-image size-full is-resized\"><img loading=\"lazy\" decoding=\"async\" src=\"https:\/\/www.alarco.cr\/blog\/wp-content\/uploads\/2023\/04\/1-1.jpg\" alt=\"mujer sufriendo un shock anafil\u00e1ctico\" class=\"wp-image-269\" width=\"486\" height=\"323\" srcset=\"https:\/\/www.alarco.cr\/blog\/wp-content\/uploads\/2023\/04\/1-1.jpg 800w, https:\/\/www.alarco.cr\/blog\/wp-content\/uploads\/2023\/04\/1-1-300x200.jpg 300w\" sizes=\"auto, (max-width: 486px) 100vw, 486px\" \/><\/figure>\n\n\n\n<h2 class=\"wp-block-heading\">\u00bfQu\u00e9 hacer en caso de un shock anafil\u00e1ctico?<\/h2>\n\n\n\n<p>En caso de un shock anafil\u00e1ctico, es importante actuar r\u00e1pidamente para ayudar a la persona afectada y evitar complicaciones graves. Aqu\u00ed te presentamos los siguientes pasos a seguir:<\/p>\n\n\n\n<h3 class=\"wp-block-heading\">Llama a los servicios de emergencia:<\/h3>\n\n\n\n<p>Lo primero que debes hacer es llamar a los servicios de emergencia para que puedan brindar atenci\u00f3n m\u00e9dica de inmediato. Proporciona la ubicaci\u00f3n exacta y los detalles de la persona afectada.<\/p>\n\n\n\n<h3 class=\"wp-block-heading\">Administra la epinefrina:<\/h3>\n\n\n\n<p>Si la persona afectada tiene una inyecci\u00f3n de epinefrina disponible, admin\u00edstrasela de inmediato. Esta es una medida de emergencia que puede ayudar a reducir los s\u00edntomas hasta que llegue la atenci\u00f3n m\u00e9dica.<\/p>\n\n\n\n<h3 class=\"wp-block-heading\">Coloca a la persona en posici\u00f3n c\u00f3moda:<\/h3>\n\n\n\n<p>Si es posible, coloca a la persona afectada en posici\u00f3n c\u00f3moda y levanta sus piernas para mejorar el flujo sangu\u00edneo.<\/p>\n\n\n\n<h3 class=\"wp-block-heading\">Monitorea los signos vitales:<\/h3>\n\n\n\n<p>Monitorea los signos vitales de la persona afectada, como la frecuencia card\u00edaca y la respiraci\u00f3n, y hazle preguntas para asegurarte de que est\u00e1 consciente y alerta.<\/p>\n\n\n\n<figure class=\"wp-block-image size-large is-resized\"><img loading=\"lazy\" decoding=\"async\" src=\"https:\/\/www.alarco.cr\/blog\/wp-content\/uploads\/2023\/04\/2-1-1024x576.jpg\" alt=\"piel con shock anafil\u00e1ctico\" class=\"wp-image-270\" width=\"481\" height=\"270\" srcset=\"https:\/\/www.alarco.cr\/blog\/wp-content\/uploads\/2023\/04\/2-1-1024x576.jpg 1024w, https:\/\/www.alarco.cr\/blog\/wp-content\/uploads\/2023\/04\/2-1-300x169.jpg 300w, https:\/\/www.alarco.cr\/blog\/wp-content\/uploads\/2023\/04\/2-1-768x432.jpg 768w, https:\/\/www.alarco.cr\/blog\/wp-content\/uploads\/2023\/04\/2-1.jpg 1200w\" sizes=\"auto, (max-width: 481px) 100vw, 481px\" \/><\/figure>\n\n\n\n<h3 class=\"wp-block-heading\">Brinda soporte emocional:<\/h3>\n\n\n\n<p>Un shock anafil\u00e1ctico puede ser una experiencia traum\u00e1tica para la persona afectada. Brinda apoyo emocional y aseg\u00farate de que se sienta segura y c\u00f3moda mientras espera atenci\u00f3n m\u00e9dica.<\/p>\n\n\n\n<h3 class=\"wp-block-heading\">No le des alimentos ni l\u00edquidos:<\/h3>\n\n\n\n<p>No le des alimentos ni l\u00edquidos a la persona afectada, ya que esto podr\u00eda empeorar los s\u00edntomas del shock anafil\u00e1ctico.<\/p>\n\n\n\n<hr class=\"wp-block-separator has-alpha-channel-opacity is-style-wide\"\/>\n\n\n\n<p>Es importante conocer los s\u00edntomas del shock anafil\u00e1ctico y c\u00f3mo actuar en caso de una reacci\u00f3n al\u00e9rgica grave. <strong>Siempre busca atenci\u00f3n m\u00e9dica de emergencia de inmediato<\/strong> y sigue los pasos recomendados para ayudar a la persona afectada mientras esperas atenci\u00f3n m\u00e9dica.<\/p>\n\n\n\n<p><a href=\"https:\/\/www.youtube.com\/watch?v=Jhod-jtfXSg\" target=\"_blank\" rel=\"noreferrer noopener\">YouTube | SHOCK ANAFIL\u00c1CTICO, \u00bfQu\u00e9 es? \u00bfQu\u00e9 pasa en el cuerpo? \u00bfC\u00f3mo actuar?<\/a><\/p>\n","protected":false},"excerpt":{"rendered":"<p>Un shock anafil\u00e1ctico es una reacci\u00f3n al\u00e9rgica grave que se produce de manera r\u00e1pida y que puede poner en peligro la vida de la persona afectada. Esta reacci\u00f3n al\u00e9rgica puede ser desencadenada por una variedad de al\u00e9rgenos, como alimentos, medicamentos, picaduras de&#8230;<\/p>\n","protected":false},"author":1,"featured_media":268,"comment_status":"closed","ping_status":"closed","template":"","tags":[],"news-category":[],"class_list":["post-265","news","type-news","status-publish","has-post-thumbnail","hentry"],"yoast_head":"<!-- This site is optimized with the Yoast SEO plugin v20.4 - https:\/\/yoast.com\/wordpress\/plugins\/seo\/ -->\n<title>C\u00f3mo actuar ante un shock anafil\u00e1ctico | ALARCO<\/title>\n<meta name=\"description\" content=\"Descubre c\u00f3mo actuar ante un shock anafil\u00e1ctico y c\u00f3mo administrar los primeros auxilios y tratamiento de emergencia.\" \/>\n<meta name=\"robots\" content=\"index, follow, max-snippet:-1, max-image-preview:large, max-video-preview:-1\" \/>\n<link rel=\"canonical\" href=\"https:\/\/www.alarco.cr\/blog\/news\/como-actuar-ante-un-shock-anafilactico-primeros-auxilios-y-tratamiento-de-emergencia\/\" \/>\n<meta property=\"og:locale\" content=\"es_MX\" \/>\n<meta property=\"og:type\" content=\"article\" \/>\n<meta property=\"og:title\" content=\"C\u00f3mo actuar ante un shock anafil\u00e1ctico | ALARCO\" \/>\n<meta property=\"og:description\" content=\"Descubre c\u00f3mo actuar ante un shock anafil\u00e1ctico y c\u00f3mo administrar los primeros auxilios y tratamiento de emergencia.\" \/>\n<meta property=\"og:url\" content=\"https:\/\/www.alarco.cr\/blog\/news\/como-actuar-ante-un-shock-anafilactico-primeros-auxilios-y-tratamiento-de-emergencia\/\" \/>\n<meta property=\"og:site_name\" content=\"ALARCO | Blog\" \/>\n<meta property=\"article:publisher\" content=\"https:\/\/www.facebook.com\/alarcocr\" \/>\n<meta property=\"og:image\" content=\"https:\/\/www.alarco.cr\/blog\/wp-content\/uploads\/2023\/04\/0-1.jpg\" \/>\n\t<meta property=\"og:image:width\" content=\"1000\" \/>\n\t<meta property=\"og:image:height\" content=\"558\" \/>\n\t<meta property=\"og:image:type\" content=\"image\/jpeg\" \/>\n<meta name=\"twitter:card\" content=\"summary_large_image\" \/>\n<meta name=\"twitter:label1\" content=\"Tiempo de lectura\" \/>\n\t<meta name=\"twitter:data1\" content=\"3 minutos\" \/>\n<script type=\"application\/ld+json\" class=\"yoast-schema-graph\">{\"@context\":\"https:\/\/schema.org\",\"@graph\":[{\"@type\":\"WebPage\",\"@id\":\"https:\/\/www.alarco.cr\/blog\/news\/como-actuar-ante-un-shock-anafilactico-primeros-auxilios-y-tratamiento-de-emergencia\/\",\"url\":\"https:\/\/www.alarco.cr\/blog\/news\/como-actuar-ante-un-shock-anafilactico-primeros-auxilios-y-tratamiento-de-emergencia\/\",\"name\":\"C\u00f3mo actuar ante un shock anafil\u00e1ctico | ALARCO\",\"isPartOf\":{\"@id\":\"https:\/\/www.alarco.cr\/blog\/#website\"},\"datePublished\":\"2023-04-10T16:24:18+00:00\",\"dateModified\":\"2023-04-10T16:24:18+00:00\",\"description\":\"Descubre c\u00f3mo actuar ante un shock anafil\u00e1ctico y c\u00f3mo administrar los primeros auxilios y tratamiento de emergencia.\",\"breadcrumb\":{\"@id\":\"https:\/\/www.alarco.cr\/blog\/news\/como-actuar-ante-un-shock-anafilactico-primeros-auxilios-y-tratamiento-de-emergencia\/#breadcrumb\"},\"inLanguage\":\"es\",\"potentialAction\":[{\"@type\":\"ReadAction\",\"target\":[\"https:\/\/www.alarco.cr\/blog\/news\/como-actuar-ante-un-shock-anafilactico-primeros-auxilios-y-tratamiento-de-emergencia\/\"]}]},{\"@type\":\"BreadcrumbList\",\"@id\":\"https:\/\/www.alarco.cr\/blog\/news\/como-actuar-ante-un-shock-anafilactico-primeros-auxilios-y-tratamiento-de-emergencia\/#breadcrumb\",\"itemListElement\":[{\"@type\":\"ListItem\",\"position\":1,\"name\":\"Inicio\",\"item\":\"https:\/\/www.alarco.cr\/blog\/\"},{\"@type\":\"ListItem\",\"position\":2,\"name\":\"News\",\"item\":\"https:\/\/www.alarco.cr\/blog\/news\/\"},{\"@type\":\"ListItem\",\"position\":3,\"name\":\"C\u00f3mo actuar ante un shock anafil\u00e1ctico: Primeros auxilios y tratamiento de emergencia\"}]},{\"@type\":\"WebSite\",\"@id\":\"https:\/\/www.alarco.cr\/blog\/#website\",\"url\":\"https:\/\/www.alarco.cr\/blog\/\",\"name\":\"ALARCO | Blog\",\"description\":\"\",\"publisher\":{\"@id\":\"https:\/\/www.alarco.cr\/blog\/#organization\"},\"potentialAction\":[{\"@type\":\"SearchAction\",\"target\":{\"@type\":\"EntryPoint\",\"urlTemplate\":\"https:\/\/www.alarco.cr\/blog\/?s={search_term_string}\"},\"query-input\":\"required name=search_term_string\"}],\"inLanguage\":\"es\"},{\"@type\":\"Organization\",\"@id\":\"https:\/\/www.alarco.cr\/blog\/#organization\",\"name\":\"ALARCO\",\"url\":\"https:\/\/www.alarco.cr\/blog\/\",\"logo\":{\"@type\":\"ImageObject\",\"inLanguage\":\"es\",\"@id\":\"https:\/\/www.alarco.cr\/blog\/#\/schema\/logo\/image\/\",\"url\":\"https:\/\/www.alarco.cr\/blog\/wp-content\/uploads\/2023\/02\/alar1.png\",\"contentUrl\":\"https:\/\/www.alarco.cr\/blog\/wp-content\/uploads\/2023\/02\/alar1.png\",\"width\":191,\"height\":205,\"caption\":\"ALARCO\"},\"image\":{\"@id\":\"https:\/\/www.alarco.cr\/blog\/#\/schema\/logo\/image\/\"},\"sameAs\":[\"https:\/\/www.facebook.com\/alarcocr\",\"https:\/\/www.instagram.com\/alarcocr\/\",\"https:\/\/www.linkedin.com\/company\/22325607\/admin\/\"]}]}<\/script>\n<!-- \/ Yoast SEO plugin. -->","yoast_head_json":{"title":"C\u00f3mo actuar ante un shock anafil\u00e1ctico | ALARCO","description":"Descubre c\u00f3mo actuar ante un shock anafil\u00e1ctico y c\u00f3mo administrar los primeros auxilios y tratamiento de emergencia.","robots":{"index":"index","follow":"follow","max-snippet":"max-snippet:-1","max-image-preview":"max-image-preview:large","max-video-preview":"max-video-preview:-1"},"canonical":"https:\/\/www.alarco.cr\/blog\/news\/como-actuar-ante-un-shock-anafilactico-primeros-auxilios-y-tratamiento-de-emergencia\/","og_locale":"es_MX","og_type":"article","og_title":"C\u00f3mo actuar ante un shock anafil\u00e1ctico | ALARCO","og_description":"Descubre c\u00f3mo actuar ante un shock anafil\u00e1ctico y c\u00f3mo administrar los primeros auxilios y tratamiento de emergencia.","og_url":"https:\/\/www.alarco.cr\/blog\/news\/como-actuar-ante-un-shock-anafilactico-primeros-auxilios-y-tratamiento-de-emergencia\/","og_site_name":"ALARCO | Blog","article_publisher":"https:\/\/www.facebook.com\/alarcocr","og_image":[{"width":1000,"height":558,"url":"https:\/\/www.alarco.cr\/blog\/wp-content\/uploads\/2023\/04\/0-1.jpg","type":"image\/jpeg"}],"twitter_card":"summary_large_image","twitter_misc":{"Tiempo de lectura":"3 minutos"},"schema":{"@context":"https:\/\/schema.org","@graph":[{"@type":"WebPage","@id":"https:\/\/www.alarco.cr\/blog\/news\/como-actuar-ante-un-shock-anafilactico-primeros-auxilios-y-tratamiento-de-emergencia\/","url":"https:\/\/www.alarco.cr\/blog\/news\/como-actuar-ante-un-shock-anafilactico-primeros-auxilios-y-tratamiento-de-emergencia\/","name":"C\u00f3mo actuar ante un shock anafil\u00e1ctico | ALARCO","isPartOf":{"@id":"https:\/\/www.alarco.cr\/blog\/#website"},"datePublished":"2023-04-10T16:24:18+00:00","dateModified":"2023-04-10T16:24:18+00:00","description":"Descubre c\u00f3mo actuar ante un shock anafil\u00e1ctico y c\u00f3mo administrar los primeros auxilios y tratamiento de emergencia.","breadcrumb":{"@id":"https:\/\/www.alarco.cr\/blog\/news\/como-actuar-ante-un-shock-anafilactico-primeros-auxilios-y-tratamiento-de-emergencia\/#breadcrumb"},"inLanguage":"es","potentialAction":[{"@type":"ReadAction","target":["https:\/\/www.alarco.cr\/blog\/news\/como-actuar-ante-un-shock-anafilactico-primeros-auxilios-y-tratamiento-de-emergencia\/"]}]},{"@type":"BreadcrumbList","@id":"https:\/\/www.alarco.cr\/blog\/news\/como-actuar-ante-un-shock-anafilactico-primeros-auxilios-y-tratamiento-de-emergencia\/#breadcrumb","itemListElement":[{"@type":"ListItem","position":1,"name":"Inicio","item":"https:\/\/www.alarco.cr\/blog\/"},{"@type":"ListItem","position":2,"name":"News","item":"https:\/\/www.alarco.cr\/blog\/news\/"},{"@type":"ListItem","position":3,"name":"C\u00f3mo actuar ante un shock anafil\u00e1ctico: Primeros auxilios y tratamiento de emergencia"}]},{"@type":"WebSite","@id":"https:\/\/www.alarco.cr\/blog\/#website","url":"https:\/\/www.alarco.cr\/blog\/","name":"ALARCO | Blog","description":"","publisher":{"@id":"https:\/\/www.alarco.cr\/blog\/#organization"},"potentialAction":[{"@type":"SearchAction","target":{"@type":"EntryPoint","urlTemplate":"https:\/\/www.alarco.cr\/blog\/?s={search_term_string}"},"query-input":"required name=search_term_string"}],"inLanguage":"es"},{"@type":"Organization","@id":"https:\/\/www.alarco.cr\/blog\/#organization","name":"ALARCO","url":"https:\/\/www.alarco.cr\/blog\/","logo":{"@type":"ImageObject","inLanguage":"es","@id":"https:\/\/www.alarco.cr\/blog\/#\/schema\/logo\/image\/","url":"https:\/\/www.alarco.cr\/blog\/wp-content\/uploads\/2023\/02\/alar1.png","contentUrl":"https:\/\/www.alarco.cr\/blog\/wp-content\/uploads\/2023\/02\/alar1.png","width":191,"height":205,"caption":"ALARCO"},"image":{"@id":"https:\/\/www.alarco.cr\/blog\/#\/schema\/logo\/image\/"},"sameAs":["https:\/\/www.facebook.com\/alarcocr","https:\/\/www.instagram.com\/alarcocr\/","https:\/\/www.linkedin.com\/company\/22325607\/admin\/"]}]}},"_links":{"self":[{"href":"https:\/\/www.alarco.cr\/blog\/wp-json\/wp\/v2\/news\/265","targetHints":{"allow":["GET"]}}],"collection":[{"href":"https:\/\/www.alarco.cr\/blog\/wp-json\/wp\/v2\/news"}],"about":[{"href":"https:\/\/www.alarco.cr\/blog\/wp-json\/wp\/v2\/types\/news"}],"author":[{"embeddable":true,"href":"https:\/\/www.alarco.cr\/blog\/wp-json\/wp\/v2\/users\/1"}],"replies":[{"embeddable":true,"href":"https:\/\/www.alarco.cr\/blog\/wp-json\/wp\/v2\/comments?post=265"}],"version-history":[{"count":6,"href":"https:\/\/www.alarco.cr\/blog\/wp-json\/wp\/v2\/news\/265\/revisions"}],"predecessor-version":[{"id":274,"href":"https:\/\/www.alarco.cr\/blog\/wp-json\/wp\/v2\/news\/265\/revisions\/274"}],"wp:featuredmedia":[{"embeddable":true,"href":"https:\/\/www.alarco.cr\/blog\/wp-json\/wp\/v2\/media\/268"}],"wp:attachment":[{"href":"https:\/\/www.alarco.cr\/blog\/wp-json\/wp\/v2\/media?parent=265"}],"wp:term":[{"taxonomy":"post_tag","embeddable":true,"href":"https:\/\/www.alarco.cr\/blog\/wp-json\/wp\/v2\/tags?post=265"},{"taxonomy":"news-category","embeddable":true,"href":"https:\/\/www.alarco.cr\/blog\/wp-json\/wp\/v2\/news-category?post=265"}],"curies":[{"name":"wp","href":"https:\/\/api.w.org\/{rel}","templated":true}]}}