{"id":252,"date":"2023-04-06T17:59:23","date_gmt":"2023-04-06T17:59:23","guid":{"rendered":"https:\/\/www.alarco.cr\/blog\/?post_type=news&#038;p=252"},"modified":"2023-04-06T18:00:44","modified_gmt":"2023-04-06T18:00:44","slug":"primeros-auxilios-en-caso-de-perdida-del-conocimiento","status":"publish","type":"news","link":"https:\/\/www.alarco.cr\/blog\/news\/primeros-auxilios-en-caso-de-perdida-del-conocimiento\/","title":{"rendered":"Primeros auxilios en caso de p\u00e9rdida del conocimiento"},"content":{"rendered":"\n<p>La p\u00e9rdida del conocimiento puede ser una situaci\u00f3n aterradora tanto para la persona afectada como para quienes la rodean. Sin embargo, es importante mantener la calma y actuar de manera r\u00e1pida y efectiva para garantizar la seguridad de la persona. En esta gu\u00eda, aprender\u00e1s qu\u00e9 hacer en caso de p\u00e9rdida del conocimiento, desde c\u00f3mo evaluar la situaci\u00f3n hasta c\u00f3mo realizar primeros auxilios.<\/p>\n\n\n\n<h2 class=\"wp-block-heading\">\u00bfQu\u00e9 es la p\u00e9rdida del conocimiento?<\/h2>\n\n\n\n<p>La p\u00e9rdida del conocimiento, tambi\u00e9n conocida como desmayo o s\u00edncope, es una p\u00e9rdida temporal de la conciencia y el conocimiento debido a una disminuci\u00f3n temporal del flujo sangu\u00edneo al cerebro. Puede ocurrir de repente y sin previo aviso, y puede ser causada por una variedad de factores, como hipotensi\u00f3n, hipoglucemia, hiperventilaci\u00f3n, ansiedad o enfermedades del coraz\u00f3n.<\/p>\n\n\n\n<h2 class=\"wp-block-heading\">Causas de la p\u00e9rdida del conocimiento<\/h2>\n\n\n\n<p>Las causas de la p\u00e9rdida del conocimiento pueden variar desde algo tan simple como un cambio repentino en la posici\u00f3n del cuerpo hasta una condici\u00f3n m\u00e9dica grave como un ataque card\u00edaco o un derrame cerebral. Algunas de las causas m\u00e1s comunes incluyen:<\/p>\n\n\n\n<ul class=\"wp-block-list\">\n<li>Hipotensi\u00f3n o presi\u00f3n arterial baja<\/li>\n\n\n\n<li>Hipoglucemia o bajo nivel de az\u00facar en sangre<\/li>\n\n\n\n<li>Hiperventilaci\u00f3n o respiraci\u00f3n r\u00e1pida y superficial<\/li>\n\n\n\n<li>Ansiedad o estr\u00e9s emocional<\/li>\n\n\n\n<li>Ataque card\u00edaco o arritmia card\u00edaca<\/li>\n\n\n\n<li>Derrame cerebral o lesi\u00f3n cerebral traum\u00e1tica<\/li>\n<\/ul>\n\n\n\n<figure class=\"wp-block-image size-full is-resized\"><img loading=\"lazy\" decoding=\"async\" src=\"https:\/\/www.alarco.cr\/blog\/wp-content\/uploads\/2023\/04\/1.jpg\" alt=\"Emergencias acudiendo a persona con p\u00e9rdida de conocimiento.\" class=\"wp-image-258\" width=\"552\" height=\"310\" srcset=\"https:\/\/www.alarco.cr\/blog\/wp-content\/uploads\/2023\/04\/1.jpg 848w, https:\/\/www.alarco.cr\/blog\/wp-content\/uploads\/2023\/04\/1-300x169.jpg 300w, https:\/\/www.alarco.cr\/blog\/wp-content\/uploads\/2023\/04\/1-768x432.jpg 768w\" sizes=\"auto, (max-width: 552px) 100vw, 552px\" \/><\/figure>\n\n\n\n<h2 class=\"wp-block-heading\">\u00bfC\u00f3mo actuar ante una persona inconsciente?<\/h2>\n\n\n\n<p>Si te encuentras con alguien que ha perdido el conocimiento, es importante actuar con rapidez y seguir estos pasos:<\/p>\n\n\n\n<p><strong>A. Evaluar la situaci\u00f3n<\/strong>:<br>Lo primero que debes hacer es asegurarte de que la zona est\u00e9 segura para ti y para la persona inconsciente. Si es necesario, mueve a la persona a un lugar seguro. Luego, intenta despertar a la persona frotando suavemente sus hombros y hablando en voz alta. Si no responde, es posible que haya perdido el conocimiento.<\/p>\n\n\n\n<p><strong>B. Revisar signos vitales<\/strong>:<br>Despu\u00e9s de confirmar que la persona est\u00e1 inconsciente, debes revisar sus signos vitales para determinar su estado de salud. Esto incluye verificar si est\u00e1 respirando y si su pulso es fuerte y regular. Si no est\u00e1 respirando o no tiene pulso, comienza inmediatamente la reanimaci\u00f3n cardiopulmonar (RCP).<\/p>\n\n\n\n<p><strong>C. Realizar primeros auxilios<\/strong>:<br>Si la persona est\u00e1 respirando y tiene pulso, debes colocarla en posici\u00f3n de recuperaci\u00f3n. Esto implica acostarla de lado con la cabeza inclinada hacia abajo, para que cualquier l\u00edquido en la boca o garganta pueda salir f\u00e1cilmente y evitar que se asfixie. Tambi\u00e9n debes aflojar la ropa ajustada alrededor del cuello y el pecho para asegurarte de que la persona pueda respirar f\u00e1cilmente.<\/p>\n\n\n\n<h2 class=\"wp-block-heading\">\u00bfCu\u00e1ndo llamar a una ambulancia?<\/h2>\n\n\n\n<p>Debes llamar a una ambulancia si la persona no responde, no est\u00e1 respirando o no tiene pulso, o si ha perdido el conocimiento por m\u00e1s de unos pocos minutos. Tambi\u00e9n debes llamar a una ambulancia si la persona ha sufrido una lesi\u00f3n grave o si la p\u00e9rdida del conocimiento fue causada por una enfermedad card\u00edaca o cerebral.<\/p>\n\n\n\n<h2 class=\"wp-block-heading\">Precauciones a tomar mientras se espera ayuda m\u00e9dica<\/h2>\n\n\n\n<p>Mientras esperas la llegada de la ayuda m\u00e9dica, es importante seguir algunas precauciones para garantizar la seguridad de la persona inconsciente. Esto incluye mantener la v\u00eda respiratoria abierta, asegurarse de que la persona est\u00e9 en una posici\u00f3n c\u00f3moda y segura, y monitorear sus signos vitales continuamente. Si la persona comienza a vomitar o tiene problemas para respirar, col\u00f3cala en posici\u00f3n de recuperaci\u00f3n y llama a una ambulancia inmediatamente.<\/p>\n\n\n\n<figure class=\"wp-block-image size-full is-resized\"><img loading=\"lazy\" decoding=\"async\" src=\"https:\/\/www.alarco.cr\/blog\/wp-content\/uploads\/2023\/04\/2.jpg\" alt=\"hombre sufriendo p\u00e9rdida de conocimiento\" class=\"wp-image-257\" width=\"504\" height=\"335\" srcset=\"https:\/\/www.alarco.cr\/blog\/wp-content\/uploads\/2023\/04\/2.jpg 640w, https:\/\/www.alarco.cr\/blog\/wp-content\/uploads\/2023\/04\/2-300x199.jpg 300w\" sizes=\"auto, (max-width: 504px) 100vw, 504px\" \/><\/figure>\n\n\n\n<p>La p\u00e9rdida del conocimiento puede ser aterradora, pero saber qu\u00e9 hacer en caso de una emergencia puede marcar la diferencia entre la vida y la muerte. En este art\u00edculo, hemos discutido los pasos a seguir para evaluar la situaci\u00f3n, revisar los signos vitales y realizar primeros auxilios en caso de p\u00e9rdida del conocimiento. Recuerda que, en caso de emergencia, debes llamar a una ambulancia y seguir las precauciones necesarias mientras esperas ayuda m\u00e9dica. Con estas herramientas, estar\u00e1s preparado para actuar en caso de una emergencia m\u00e9dica.<\/p>\n\n\n\n<p><a href=\"https:\/\/www.youtube.com\/watch?v=82DcD_bEDgg\" target=\"_blank\" rel=\"noreferrer noopener\">YouTube | Que hacer en caso de un desmayo o perdida de conocimiento<\/a><\/p>\n","protected":false},"excerpt":{"rendered":"<p>La p\u00e9rdida del conocimiento puede ser una situaci\u00f3n aterradora tanto para la persona afectada como para quienes la rodean. Sin embargo, es importante mantener la calma y actuar de manera r\u00e1pida y efectiva para garantizar la seguridad de la persona. En esta gu\u00eda, aprender\u00e1s qu\u00e9 hacer en caso de&#8230;<\/p>\n","protected":false},"author":1,"featured_media":256,"comment_status":"closed","ping_status":"closed","template":"","tags":[],"news-category":[],"class_list":["post-252","news","type-news","status-publish","has-post-thumbnail","hentry"],"yoast_head":"<!-- This site is optimized with the Yoast SEO plugin v20.4 - https:\/\/yoast.com\/wordpress\/plugins\/seo\/ -->\n<title>Primeros auxilios en caso de p\u00e9rdida del conocimiento | ALARCO<\/title>\n<meta name=\"description\" content=\"Descubre todo lo que necesitas saber sobre la p\u00e9rdida del conocimiento: causas, s\u00edntomas y primeros auxilios, con nuestra gu\u00eda completa.\" \/>\n<meta name=\"robots\" content=\"index, follow, max-snippet:-1, max-image-preview:large, max-video-preview:-1\" \/>\n<link rel=\"canonical\" href=\"https:\/\/www.alarco.cr\/blog\/news\/primeros-auxilios-en-caso-de-perdida-del-conocimiento\/\" \/>\n<meta property=\"og:locale\" content=\"es_MX\" \/>\n<meta property=\"og:type\" content=\"article\" \/>\n<meta property=\"og:title\" content=\"Primeros auxilios en caso de p\u00e9rdida del conocimiento | ALARCO\" \/>\n<meta property=\"og:description\" content=\"Descubre todo lo que necesitas saber sobre la p\u00e9rdida del conocimiento: causas, s\u00edntomas y primeros auxilios, con nuestra gu\u00eda completa.\" \/>\n<meta property=\"og:url\" content=\"https:\/\/www.alarco.cr\/blog\/news\/primeros-auxilios-en-caso-de-perdida-del-conocimiento\/\" \/>\n<meta property=\"og:site_name\" content=\"ALARCO | Blog\" \/>\n<meta property=\"article:publisher\" content=\"https:\/\/www.facebook.com\/alarcocr\" \/>\n<meta property=\"article:modified_time\" content=\"2023-04-06T18:00:44+00:00\" \/>\n<meta property=\"og:image\" content=\"https:\/\/www.alarco.cr\/blog\/wp-content\/uploads\/2023\/04\/0.jpg\" \/>\n\t<meta property=\"og:image:width\" content=\"900\" \/>\n\t<meta property=\"og:image:height\" content=\"600\" \/>\n\t<meta property=\"og:image:type\" content=\"image\/jpeg\" \/>\n<meta name=\"twitter:card\" content=\"summary_large_image\" \/>\n<meta name=\"twitter:label1\" content=\"Tiempo de lectura\" \/>\n\t<meta name=\"twitter:data1\" content=\"4 minutos\" \/>\n<script type=\"application\/ld+json\" class=\"yoast-schema-graph\">{\"@context\":\"https:\/\/schema.org\",\"@graph\":[{\"@type\":\"WebPage\",\"@id\":\"https:\/\/www.alarco.cr\/blog\/news\/primeros-auxilios-en-caso-de-perdida-del-conocimiento\/\",\"url\":\"https:\/\/www.alarco.cr\/blog\/news\/primeros-auxilios-en-caso-de-perdida-del-conocimiento\/\",\"name\":\"Primeros auxilios en caso de p\u00e9rdida del conocimiento | ALARCO\",\"isPartOf\":{\"@id\":\"https:\/\/www.alarco.cr\/blog\/#website\"},\"datePublished\":\"2023-04-06T17:59:23+00:00\",\"dateModified\":\"2023-04-06T18:00:44+00:00\",\"description\":\"Descubre todo lo que necesitas saber sobre la p\u00e9rdida del conocimiento: causas, s\u00edntomas y primeros auxilios, con nuestra gu\u00eda completa.\",\"breadcrumb\":{\"@id\":\"https:\/\/www.alarco.cr\/blog\/news\/primeros-auxilios-en-caso-de-perdida-del-conocimiento\/#breadcrumb\"},\"inLanguage\":\"es\",\"potentialAction\":[{\"@type\":\"ReadAction\",\"target\":[\"https:\/\/www.alarco.cr\/blog\/news\/primeros-auxilios-en-caso-de-perdida-del-conocimiento\/\"]}]},{\"@type\":\"BreadcrumbList\",\"@id\":\"https:\/\/www.alarco.cr\/blog\/news\/primeros-auxilios-en-caso-de-perdida-del-conocimiento\/#breadcrumb\",\"itemListElement\":[{\"@type\":\"ListItem\",\"position\":1,\"name\":\"Inicio\",\"item\":\"https:\/\/www.alarco.cr\/blog\/\"},{\"@type\":\"ListItem\",\"position\":2,\"name\":\"News\",\"item\":\"https:\/\/www.alarco.cr\/blog\/news\/\"},{\"@type\":\"ListItem\",\"position\":3,\"name\":\"Primeros auxilios en caso de p\u00e9rdida del conocimiento\"}]},{\"@type\":\"WebSite\",\"@id\":\"https:\/\/www.alarco.cr\/blog\/#website\",\"url\":\"https:\/\/www.alarco.cr\/blog\/\",\"name\":\"ALARCO | Blog\",\"description\":\"\",\"publisher\":{\"@id\":\"https:\/\/www.alarco.cr\/blog\/#organization\"},\"potentialAction\":[{\"@type\":\"SearchAction\",\"target\":{\"@type\":\"EntryPoint\",\"urlTemplate\":\"https:\/\/www.alarco.cr\/blog\/?s={search_term_string}\"},\"query-input\":\"required name=search_term_string\"}],\"inLanguage\":\"es\"},{\"@type\":\"Organization\",\"@id\":\"https:\/\/www.alarco.cr\/blog\/#organization\",\"name\":\"ALARCO\",\"url\":\"https:\/\/www.alarco.cr\/blog\/\",\"logo\":{\"@type\":\"ImageObject\",\"inLanguage\":\"es\",\"@id\":\"https:\/\/www.alarco.cr\/blog\/#\/schema\/logo\/image\/\",\"url\":\"https:\/\/www.alarco.cr\/blog\/wp-content\/uploads\/2023\/02\/alar1.png\",\"contentUrl\":\"https:\/\/www.alarco.cr\/blog\/wp-content\/uploads\/2023\/02\/alar1.png\",\"width\":191,\"height\":205,\"caption\":\"ALARCO\"},\"image\":{\"@id\":\"https:\/\/www.alarco.cr\/blog\/#\/schema\/logo\/image\/\"},\"sameAs\":[\"https:\/\/www.facebook.com\/alarcocr\",\"https:\/\/www.instagram.com\/alarcocr\/\",\"https:\/\/www.linkedin.com\/company\/22325607\/admin\/\"]}]}<\/script>\n<!-- \/ Yoast SEO plugin. -->","yoast_head_json":{"title":"Primeros auxilios en caso de p\u00e9rdida del conocimiento | ALARCO","description":"Descubre todo lo que necesitas saber sobre la p\u00e9rdida del conocimiento: causas, s\u00edntomas y primeros auxilios, con nuestra gu\u00eda completa.","robots":{"index":"index","follow":"follow","max-snippet":"max-snippet:-1","max-image-preview":"max-image-preview:large","max-video-preview":"max-video-preview:-1"},"canonical":"https:\/\/www.alarco.cr\/blog\/news\/primeros-auxilios-en-caso-de-perdida-del-conocimiento\/","og_locale":"es_MX","og_type":"article","og_title":"Primeros auxilios en caso de p\u00e9rdida del conocimiento | ALARCO","og_description":"Descubre todo lo que necesitas saber sobre la p\u00e9rdida del conocimiento: causas, s\u00edntomas y primeros auxilios, con nuestra gu\u00eda completa.","og_url":"https:\/\/www.alarco.cr\/blog\/news\/primeros-auxilios-en-caso-de-perdida-del-conocimiento\/","og_site_name":"ALARCO | Blog","article_publisher":"https:\/\/www.facebook.com\/alarcocr","article_modified_time":"2023-04-06T18:00:44+00:00","og_image":[{"width":900,"height":600,"url":"https:\/\/www.alarco.cr\/blog\/wp-content\/uploads\/2023\/04\/0.jpg","type":"image\/jpeg"}],"twitter_card":"summary_large_image","twitter_misc":{"Tiempo de lectura":"4 minutos"},"schema":{"@context":"https:\/\/schema.org","@graph":[{"@type":"WebPage","@id":"https:\/\/www.alarco.cr\/blog\/news\/primeros-auxilios-en-caso-de-perdida-del-conocimiento\/","url":"https:\/\/www.alarco.cr\/blog\/news\/primeros-auxilios-en-caso-de-perdida-del-conocimiento\/","name":"Primeros auxilios en caso de p\u00e9rdida del conocimiento | ALARCO","isPartOf":{"@id":"https:\/\/www.alarco.cr\/blog\/#website"},"datePublished":"2023-04-06T17:59:23+00:00","dateModified":"2023-04-06T18:00:44+00:00","description":"Descubre todo lo que necesitas saber sobre la p\u00e9rdida del conocimiento: causas, s\u00edntomas y primeros auxilios, con nuestra gu\u00eda completa.","breadcrumb":{"@id":"https:\/\/www.alarco.cr\/blog\/news\/primeros-auxilios-en-caso-de-perdida-del-conocimiento\/#breadcrumb"},"inLanguage":"es","potentialAction":[{"@type":"ReadAction","target":["https:\/\/www.alarco.cr\/blog\/news\/primeros-auxilios-en-caso-de-perdida-del-conocimiento\/"]}]},{"@type":"BreadcrumbList","@id":"https:\/\/www.alarco.cr\/blog\/news\/primeros-auxilios-en-caso-de-perdida-del-conocimiento\/#breadcrumb","itemListElement":[{"@type":"ListItem","position":1,"name":"Inicio","item":"https:\/\/www.alarco.cr\/blog\/"},{"@type":"ListItem","position":2,"name":"News","item":"https:\/\/www.alarco.cr\/blog\/news\/"},{"@type":"ListItem","position":3,"name":"Primeros auxilios en caso de p\u00e9rdida del conocimiento"}]},{"@type":"WebSite","@id":"https:\/\/www.alarco.cr\/blog\/#website","url":"https:\/\/www.alarco.cr\/blog\/","name":"ALARCO | Blog","description":"","publisher":{"@id":"https:\/\/www.alarco.cr\/blog\/#organization"},"potentialAction":[{"@type":"SearchAction","target":{"@type":"EntryPoint","urlTemplate":"https:\/\/www.alarco.cr\/blog\/?s={search_term_string}"},"query-input":"required name=search_term_string"}],"inLanguage":"es"},{"@type":"Organization","@id":"https:\/\/www.alarco.cr\/blog\/#organization","name":"ALARCO","url":"https:\/\/www.alarco.cr\/blog\/","logo":{"@type":"ImageObject","inLanguage":"es","@id":"https:\/\/www.alarco.cr\/blog\/#\/schema\/logo\/image\/","url":"https:\/\/www.alarco.cr\/blog\/wp-content\/uploads\/2023\/02\/alar1.png","contentUrl":"https:\/\/www.alarco.cr\/blog\/wp-content\/uploads\/2023\/02\/alar1.png","width":191,"height":205,"caption":"ALARCO"},"image":{"@id":"https:\/\/www.alarco.cr\/blog\/#\/schema\/logo\/image\/"},"sameAs":["https:\/\/www.facebook.com\/alarcocr","https:\/\/www.instagram.com\/alarcocr\/","https:\/\/www.linkedin.com\/company\/22325607\/admin\/"]}]}},"_links":{"self":[{"href":"https:\/\/www.alarco.cr\/blog\/wp-json\/wp\/v2\/news\/252","targetHints":{"allow":["GET"]}}],"collection":[{"href":"https:\/\/www.alarco.cr\/blog\/wp-json\/wp\/v2\/news"}],"about":[{"href":"https:\/\/www.alarco.cr\/blog\/wp-json\/wp\/v2\/types\/news"}],"author":[{"embeddable":true,"href":"https:\/\/www.alarco.cr\/blog\/wp-json\/wp\/v2\/users\/1"}],"replies":[{"embeddable":true,"href":"https:\/\/www.alarco.cr\/blog\/wp-json\/wp\/v2\/comments?post=252"}],"version-history":[{"count":8,"href":"https:\/\/www.alarco.cr\/blog\/wp-json\/wp\/v2\/news\/252\/revisions"}],"predecessor-version":[{"id":263,"href":"https:\/\/www.alarco.cr\/blog\/wp-json\/wp\/v2\/news\/252\/revisions\/263"}],"wp:featuredmedia":[{"embeddable":true,"href":"https:\/\/www.alarco.cr\/blog\/wp-json\/wp\/v2\/media\/256"}],"wp:attachment":[{"href":"https:\/\/www.alarco.cr\/blog\/wp-json\/wp\/v2\/media?parent=252"}],"wp:term":[{"taxonomy":"post_tag","embeddable":true,"href":"https:\/\/www.alarco.cr\/blog\/wp-json\/wp\/v2\/tags?post=252"},{"taxonomy":"news-category","embeddable":true,"href":"https:\/\/www.alarco.cr\/blog\/wp-json\/wp\/v2\/news-category?post=252"}],"curies":[{"name":"wp","href":"https:\/\/api.w.org\/{rel}","templated":true}]}}